{"id":10597,"date":"2024-10-16T08:53:04","date_gmt":"2024-10-16T05:53:04","guid":{"rendered":"https:\/\/amoslaki.fi\/?p=10597"},"modified":"2026-03-27T09:44:06","modified_gmt":"2026-03-27T07:44:06","slug":"overtime-and-overtime-agreements","status":"publish","type":"post","link":"https:\/\/amoslaki.fi\/en\/ylityot-ja-niista-sopiminen\/","title":{"rendered":"Overtime and overtime agreements"},"content":{"rendered":"<div id=\"ez-toc-container\" class=\"ez-toc-v2_0_82_2 counter-hierarchy ez-toc-counter ez-toc-white ez-toc-container-direction\">\n<div class=\"ez-toc-title-container\">\n<p class=\"ez-toc-title\" style=\"cursor:inherit\">Table of contents<\/p>\n<span class=\"ez-toc-title-toggle\"><a href=\"#\" class=\"ez-toc-pull-right ez-toc-btn ez-toc-btn-xs ez-toc-btn-default ez-toc-toggle\" aria-label=\"Toggle Table of Contents\"><span class=\"ez-toc-js-icon-con\"><span class=\"\"><span class=\"eztoc-hide\" style=\"display:none;\">Toggle<\/span><span class=\"ez-toc-icon-toggle-span\"><svg style=\"fill: #999;color:#999\" xmlns=\"http:\/\/www.w3.org\/2000\/svg\" class=\"list-377408\" width=\"20px\" height=\"20px\" viewbox=\"0 0 24 24\" fill=\"none\"><path d=\"M6 6H4v2h2V6zm14 0H8v2h12V6zM4 11h2v2H4v-2zm16 0H8v2h12v-2zM4 16h2v2H4v-2zm16 0H8v2h12v-2z\" fill=\"currentColor\"><\/path><\/svg><svg style=\"fill: #999;color:#999\" class=\"arrow-unsorted-368013\" xmlns=\"http:\/\/www.w3.org\/2000\/svg\" width=\"10px\" height=\"10px\" viewbox=\"0 0 24 24\" version=\"1.2\" baseprofile=\"tiny\"><path d=\"M18.2 9.3l-6.2-6.3-6.2 6.3c-.2.2-.3.4-.3.7s.1.5.3.7c.2.2.4.3.7.3h11c.3 0 .5-.1.7-.3.2-.2.3-.5.3-.7s-.1-.5-.3-.7zM5.8 14.7l6.2 6.3 6.2-6.3c.2-.2.3-.5.3-.7s-.1-.5-.3-.7c-.2-.2-.4-.3-.7-.3h-11c-.3 0-.5.1-.7.3-.2.2-.3.5-.3.7s.1.5.3.7z\"\/><\/svg><\/span><\/span><\/span><\/a><\/span><\/div>\n<nav><ul class='ez-toc-list ez-toc-list-level-1' ><li class='ez-toc-page-1 ez-toc-heading-level-2'><a class=\"ez-toc-link ez-toc-heading-1\" href=\"https:\/\/amoslaki.fi\/en\/ylityot-ja-niista-sopiminen\/#Ylityot_ja_tyosopimus\" >Overtime and employment contract<\/a><\/li><li class='ez-toc-page-1 ez-toc-heading-level-2'><a class=\"ez-toc-link ez-toc-heading-2\" href=\"https:\/\/amoslaki.fi\/en\/ylityot-ja-niista-sopiminen\/#Korvaukset_ylitoista\" >Compensation for overtime<\/a><\/li><\/ul><\/nav><\/div>\n<p>Overtime is, in short, work that exceeds the maximum number of hours a worker is allowed to work. The general rule in the Working Time Act is that the normal working time is 8 hours per day and 40 hours per week. However, exceeding the regular working hours is not in itself sufficient: work in excess of the regular working hours is considered overtime only if it is done at the initiative and with the approval of the employer. If a worker extends his working day from 8 hours to, for example, 12 hours because of a challenging work situation and approaching deadlines, without the employer's agreement or \u201dtacit approval\u201d, this may constitute a form of <em>grey overtime<\/em> situations.<\/p>\n<p>To keep things simple, overtime is examined not only on a daily basis, but also on a weekly basis. Daily overtime is defined as work that exceeds the maximum regular daily working time laid down in the Working Time Act, i.e. eight hours. Weekly overtime is work that exceeds the maximum regular weekly working time of 40 hours, excluding daily overtime. Weekly overtime is work which exceeds the maximum weekly working time laid down by law, excluding overtime per day. In the case of shift work, however, the above distinction does not apply; shift work uses its own formulae for calculating and compensating overtime. In addition, the applicable collective agreements, i.e. <em>in the press <\/em>often have specific provisions on overtime and its compensation, which may differ from the Working Time Act.<\/p>\n<p>Overtime must be conceptually distinguished from additional work, which is performed outside the agreed regular working hours but without exceeding the regular working hours laid down by law. In other words: if you work longer than your agreed working hours on a particular day, but your working hours remain between the maximum number of hours of regular work laid down in the Working Time Act, this is additional work and not overtime.<\/p>\n<h2><span class=\"ez-toc-section\" id=\"Ylityot_ja_tyosopimus\"><\/span><span style=\"font-size: 14pt;\"><strong>Overtime and employment contract<\/strong><\/span><span class=\"ez-toc-section-end\"><\/span><\/h2>\n<p>Some employment contracts may state that the employee agrees to work overtime if necessary. This is common in managerial and professional jobs, where flexibility is often considered essential. However, it is important to note that a prior agreement to work overtime in an employment contract is not valid. Overtime requires the initiative of the employer and the consent of the employee on a case-by-case basis.<\/p>\n<p>Additional work can be agreed in advance in an employment contract. If the employee has agreed to additional work in his contract of employment, he is obliged to do it if the employer so requires.<\/p>\n<h2><span class=\"ez-toc-section\" id=\"Korvaukset_ylitoista\"><\/span><span style=\"font-size: 14pt;\"><strong>Compensation for overtime<\/strong><\/span><span class=\"ez-toc-section-end\"><\/span><\/h2>\n<p>Overtime must be compensated - either with pay or time off. Often, the starting point is that overtime is paid at a higher rate, depending on the number and type of overtime hours worked. For overtime worked on a daily basis, the first two hours of overtime should be paid at 50% and the following hours at 100%. Weekly overtime must be paid at a rate of 50%. It is also possible for the employer and the employee to agree to exchange all or part of the overtime allowance for equivalent paid time off during the employee's regular working hours.<\/p>\n<p>Situations relating to overtime and its compensation require extensive knowledge and expertise on the part of both the employer and the employee. From the employee's point of view, it is important that overtime worked is properly compensated. The employer, on the other hand, must ensure, among other things, that the working time records are kept and that the working time available is sufficient to carry out the work.<\/p>\n<p><em><strong>Amos Law Office provides legal advice on employment-related legal issues. If you have a question about the Working Hours Act or overtime, please contact us and we will help you with your problem! <\/strong><\/em>Article written by a lawyer <span style=\"color: #0000ff;\"><a style=\"color: #0000ff;\" href=\"https:\/\/amoslaki.fi\/en\/contact\/#sv\">Santeri Valkamo<\/a>. <\/span>You can always call him free of charge on 010 299 5090. You can check our price list <span style=\"color: #0000ff;\"><a style=\"color: #0000ff;\" href=\"https:\/\/amoslaki.fi\/en\/price-list\/#hinta\">Here.<\/a><\/span><\/p>\n<p>Related articles:<br \/>\n<span style=\"color: #0000ff;\"><a style=\"color: #0000ff;\" href=\"https:\/\/amoslaki.fi\/en\/companies\/tyooikeus-ja-hr-asiat\/\">Employment law and HR matters<\/a><\/span><br \/>\n<span style=\"color: #0000ff;\"><a style=\"color: #0000ff;\" href=\"https:\/\/amoslaki.fi\/en\/termination-of-employment-contract-for-personal-reasons\/\">Termination of employment contract for personal reasons<\/a><\/span><br \/>\n<span style=\"color: #0000ff;\"><a style=\"color: #0000ff;\" href=\"https:\/\/amoslaki.fi\/en\/tyoelaman_sahkopostit\/\">Who is allowed to read my work emails?<\/a><\/span><\/p>","protected":false},"excerpt":{"rendered":"<p>Ylity\u00f6ll\u00e4 tarkoitetaan lyhyesti m\u00e4\u00e4riteltyn\u00e4 ty\u00f6t\u00e4, joka ylitt\u00e4\u00e4 ty\u00f6ntekij\u00e4n s\u00e4\u00e4nn\u00f6llisen ty\u00f6ajan enimm\u00e4ism\u00e4\u00e4r\u00e4n. Ty\u00f6aikalain yleiss\u00e4\u00e4nn\u00f6n mukaan s\u00e4\u00e4nn\u00f6llinen ty\u00f6aika on 8 tuntia vuorokaudessa ja 40 tuntia viikossa. S\u00e4\u00e4nn\u00f6llisen ty\u00f6ajan ylitt\u00e4minen ei kuitenkaan itsess\u00e4\u00e4n riit\u00e4: s\u00e4\u00e4nn\u00f6llisen ty\u00f6ajan ylitt\u00e4v\u00e4 ty\u00f6 katsotaan ylity\u00f6ksi ainoastaan, jos se tehd\u00e4\u00e4n ty\u00f6nantajan aloitteesta ja ty\u00f6nantajan hyv\u00e4ksym\u00e4n\u00e4. Jos ty\u00f6ntekij\u00e4 pident\u00e4\u00e4 ty\u00f6p\u00e4iv\u00e4\u00e4ns\u00e4 haastavan ty\u00f6tilanteen ja l\u00e4hestyvien m\u00e4\u00e4r\u00e4aikojen [&hellip;]<\/p>\n","protected":false},"author":19,"featured_media":10030,"comment_status":"closed","ping_status":"closed","sticky":false,"template":"","format":"standard","meta":{"_acf_changed":false,"footnotes":""},"categories":[32,63,621],"tags":[901,900,81,46,904,44,903,902,899,211],"class_list":["post-10597","post","type-post","status-publish","format-standard","has-post-thumbnail","hentry","category-tyooikeus","category-yrittajat","category-yritysoikeus","tag-korotettu-palkka","tag-lisatyo","tag-tyoaikalaki","tag-tyoehtosopimus","tag-tyontekijan-oikeudet","tag-tyosopimus","tag-viikoittainen-ylityo","tag-vuorokautinen-ylityo","tag-ylityo","tag-ylityokorvaus"],"acf":[],"yoast_head":"<!-- This site is optimized with the Yoast SEO plugin v27.5 - https:\/\/yoast.com\/product\/yoast-seo-wordpress\/ -->\n<title>Ylity\u00f6t ja niist\u00e4 sopiminen &#8211; Asianajotoimisto Amos<\/title>\n<meta name=\"robots\" content=\"index, follow, max-snippet:-1, max-image-preview:large, max-video-preview:-1\" \/>\n<link rel=\"canonical\" href=\"https:\/\/amoslaki.fi\/en\/overtime-and-overtime-agreements\/\" \/>\n<meta property=\"og:locale\" content=\"en_GB\" \/>\n<meta property=\"og:type\" content=\"article\" \/>\n<meta property=\"og:title\" content=\"Ylity\u00f6t ja niist\u00e4 sopiminen &#8211; Asianajotoimisto Amos\" \/>\n<meta property=\"og:description\" content=\"Ylity\u00f6ll\u00e4 tarkoitetaan lyhyesti m\u00e4\u00e4riteltyn\u00e4 ty\u00f6t\u00e4, joka ylitt\u00e4\u00e4 ty\u00f6ntekij\u00e4n s\u00e4\u00e4nn\u00f6llisen ty\u00f6ajan enimm\u00e4ism\u00e4\u00e4r\u00e4n. Ty\u00f6aikalain yleiss\u00e4\u00e4nn\u00f6n mukaan s\u00e4\u00e4nn\u00f6llinen ty\u00f6aika on 8 tuntia vuorokaudessa ja 40 tuntia viikossa. S\u00e4\u00e4nn\u00f6llisen ty\u00f6ajan ylitt\u00e4minen ei kuitenkaan itsess\u00e4\u00e4n riit\u00e4: s\u00e4\u00e4nn\u00f6llisen ty\u00f6ajan ylitt\u00e4v\u00e4 ty\u00f6 katsotaan ylity\u00f6ksi ainoastaan, jos se tehd\u00e4\u00e4n ty\u00f6nantajan aloitteesta ja ty\u00f6nantajan hyv\u00e4ksym\u00e4n\u00e4. Jos ty\u00f6ntekij\u00e4 pident\u00e4\u00e4 ty\u00f6p\u00e4iv\u00e4\u00e4ns\u00e4 haastavan ty\u00f6tilanteen ja l\u00e4hestyvien m\u00e4\u00e4r\u00e4aikojen [&hellip;]\" \/>\n<meta property=\"og:url\" content=\"https:\/\/amoslaki.fi\/en\/overtime-and-overtime-agreements\/\" \/>\n<meta property=\"og:site_name\" content=\"Asianajotoimisto Amos\" \/>\n<meta property=\"article:publisher\" content=\"https:\/\/www.facebook.com\/lakiamos\/\" \/>\n<meta property=\"article:published_time\" content=\"2024-10-16T05:53:04+00:00\" \/>\n<meta property=\"article:modified_time\" content=\"2026-03-27T07:44:06+00:00\" \/>\n<meta property=\"og:image\" content=\"https:\/\/amoslaki.fi\/wp-content\/uploads\/2022\/03\/shutterstock_1038948943-scaled.jpg\" \/>\n\t<meta property=\"og:image:width\" content=\"2560\" \/>\n\t<meta property=\"og:image:height\" content=\"1707\" \/>\n\t<meta property=\"og:image:type\" content=\"image\/jpeg\" \/>\n<meta name=\"author\" content=\"amoslaki\" \/>\n<meta name=\"twitter:card\" content=\"summary_large_image\" \/>\n<meta name=\"twitter:label1\" content=\"Written by\" \/>\n\t<meta name=\"twitter:data1\" content=\"amoslaki\" \/>\n\t<meta name=\"twitter:label2\" content=\"Estimated reading time\" \/>\n\t<meta name=\"twitter:data2\" content=\"3 minutes\" \/>\n<script type=\"application\/ld+json\" class=\"yoast-schema-graph\">{\"@context\":\"https:\\\/\\\/schema.org\",\"@graph\":[{\"@type\":\"Article\",\"@id\":\"https:\\\/\\\/amoslaki.fi\\\/ylityot-ja-niista-sopiminen\\\/#article\",\"isPartOf\":{\"@id\":\"https:\\\/\\\/amoslaki.fi\\\/ylityot-ja-niista-sopiminen\\\/\"},\"author\":{\"name\":\"amoslaki\",\"@id\":\"https:\\\/\\\/amoslaki.fi\\\/#\\\/schema\\\/person\\\/8e4dd0f46e5723414767fb6d533e646a\"},\"headline\":\"Ylity\u00f6t ja niist\u00e4 sopiminen\",\"datePublished\":\"2024-10-16T05:53:04+00:00\",\"dateModified\":\"2026-03-27T07:44:06+00:00\",\"mainEntityOfPage\":{\"@id\":\"https:\\\/\\\/amoslaki.fi\\\/ylityot-ja-niista-sopiminen\\\/\"},\"wordCount\":659,\"publisher\":{\"@id\":\"https:\\\/\\\/amoslaki.fi\\\/#organization\"},\"image\":{\"@id\":\"https:\\\/\\\/amoslaki.fi\\\/ylityot-ja-niista-sopiminen\\\/#primaryimage\"},\"thumbnailUrl\":\"https:\\\/\\\/amoslaki.fi\\\/wp-content\\\/uploads\\\/2022\\\/03\\\/shutterstock_1038948943-scaled.jpg\",\"keywords\":[\"Korotettu palkka\",\"Lis\u00e4ty\u00f6\",\"ty\u00f6aikalaki\",\"ty\u00f6ehtosopimus\",\"Ty\u00f6ntekij\u00e4n oikeudet\",\"ty\u00f6sopimus\",\"Viikoittainen ylity\u00f6\",\"Vuorokautinen ylity\u00f6\",\"Ylity\u00f6\",\"ylity\u00f6korvaus\"],\"articleSection\":[\"Ty\u00f6oikeus\",\"Yritt\u00e4j\u00e4t\",\"Yritysoikeus\"],\"inLanguage\":\"en-GB\"},{\"@type\":\"WebPage\",\"@id\":\"https:\\\/\\\/amoslaki.fi\\\/ylityot-ja-niista-sopiminen\\\/\",\"url\":\"https:\\\/\\\/amoslaki.fi\\\/ylityot-ja-niista-sopiminen\\\/\",\"name\":\"Ylity\u00f6t ja niist\u00e4 sopiminen &#8211; Asianajotoimisto Amos\",\"isPartOf\":{\"@id\":\"https:\\\/\\\/amoslaki.fi\\\/#website\"},\"primaryImageOfPage\":{\"@id\":\"https:\\\/\\\/amoslaki.fi\\\/ylityot-ja-niista-sopiminen\\\/#primaryimage\"},\"image\":{\"@id\":\"https:\\\/\\\/amoslaki.fi\\\/ylityot-ja-niista-sopiminen\\\/#primaryimage\"},\"thumbnailUrl\":\"https:\\\/\\\/amoslaki.fi\\\/wp-content\\\/uploads\\\/2022\\\/03\\\/shutterstock_1038948943-scaled.jpg\",\"datePublished\":\"2024-10-16T05:53:04+00:00\",\"dateModified\":\"2026-03-27T07:44:06+00:00\",\"breadcrumb\":{\"@id\":\"https:\\\/\\\/amoslaki.fi\\\/ylityot-ja-niista-sopiminen\\\/#breadcrumb\"},\"inLanguage\":\"en-GB\",\"potentialAction\":[{\"@type\":\"ReadAction\",\"target\":[\"https:\\\/\\\/amoslaki.fi\\\/ylityot-ja-niista-sopiminen\\\/\"]}]},{\"@type\":\"ImageObject\",\"inLanguage\":\"en-GB\",\"@id\":\"https:\\\/\\\/amoslaki.fi\\\/ylityot-ja-niista-sopiminen\\\/#primaryimage\",\"url\":\"https:\\\/\\\/amoslaki.fi\\\/wp-content\\\/uploads\\\/2022\\\/03\\\/shutterstock_1038948943-scaled.jpg\",\"contentUrl\":\"https:\\\/\\\/amoslaki.fi\\\/wp-content\\\/uploads\\\/2022\\\/03\\\/shutterstock_1038948943-scaled.jpg\",\"width\":2560,\"height\":1707,\"caption\":\"Toimitusjohtajasopimuksessa m\u00e4\u00e4ritell\u00e4\u00e4n toimitusjohtajan ja yhti\u00f6n oikeudet ja velvollisuudet.\"},{\"@type\":\"BreadcrumbList\",\"@id\":\"https:\\\/\\\/amoslaki.fi\\\/ylityot-ja-niista-sopiminen\\\/#breadcrumb\",\"itemListElement\":[{\"@type\":\"ListItem\",\"position\":1,\"name\":\"Home\",\"item\":\"https:\\\/\\\/amoslaki.fi\\\/\"},{\"@type\":\"ListItem\",\"position\":2,\"name\":\"Ylity\u00f6t ja niist\u00e4 sopiminen\"}]},{\"@type\":\"WebSite\",\"@id\":\"https:\\\/\\\/amoslaki.fi\\\/#website\",\"url\":\"https:\\\/\\\/amoslaki.fi\\\/\",\"name\":\"Asianajotoimisto Amos\",\"description\":\"Huolehtivaa lakipalvelua\",\"publisher\":{\"@id\":\"https:\\\/\\\/amoslaki.fi\\\/#organization\"},\"potentialAction\":[{\"@type\":\"SearchAction\",\"target\":{\"@type\":\"EntryPoint\",\"urlTemplate\":\"https:\\\/\\\/amoslaki.fi\\\/?s={search_term_string}\"},\"query-input\":{\"@type\":\"PropertyValueSpecification\",\"valueRequired\":true,\"valueName\":\"search_term_string\"}}],\"inLanguage\":\"en-GB\"},{\"@type\":\"Organization\",\"@id\":\"https:\\\/\\\/amoslaki.fi\\\/#organization\",\"name\":\"Lakiasiaintoimisto Amos\",\"url\":\"https:\\\/\\\/amoslaki.fi\\\/\",\"logo\":{\"@type\":\"ImageObject\",\"inLanguage\":\"en-GB\",\"@id\":\"https:\\\/\\\/amoslaki.fi\\\/#\\\/schema\\\/logo\\\/image\\\/\",\"url\":\"https:\\\/\\\/amoslaki.fi\\\/wp-content\\\/uploads\\\/2019\\\/11\\\/amoslaki-logo-musta-uusi.png\",\"contentUrl\":\"https:\\\/\\\/amoslaki.fi\\\/wp-content\\\/uploads\\\/2019\\\/11\\\/amoslaki-logo-musta-uusi.png\",\"width\":1223,\"height\":662,\"caption\":\"Lakiasiaintoimisto Amos\"},\"image\":{\"@id\":\"https:\\\/\\\/amoslaki.fi\\\/#\\\/schema\\\/logo\\\/image\\\/\"},\"sameAs\":[\"https:\\\/\\\/www.facebook.com\\\/lakiamos\\\/\",\"https:\\\/\\\/www.instagram.com\\\/lakiamos\\\/\",\"https:\\\/\\\/www.linkedin.com\\\/company\\\/lakiasiaintoimisto-amos-oy\\\/\"]},{\"@type\":\"Person\",\"@id\":\"https:\\\/\\\/amoslaki.fi\\\/#\\\/schema\\\/person\\\/8e4dd0f46e5723414767fb6d533e646a\",\"name\":\"amoslaki\",\"image\":{\"@type\":\"ImageObject\",\"inLanguage\":\"en-GB\",\"@id\":\"https:\\\/\\\/secure.gravatar.com\\\/avatar\\\/c5de39689b84242e68eec10c9e36c253e61f32b0f8e7fa66886c254cfcfab36d?s=96&d=wp_user_avatar&r=g\",\"url\":\"https:\\\/\\\/secure.gravatar.com\\\/avatar\\\/c5de39689b84242e68eec10c9e36c253e61f32b0f8e7fa66886c254cfcfab36d?s=96&d=wp_user_avatar&r=g\",\"contentUrl\":\"https:\\\/\\\/secure.gravatar.com\\\/avatar\\\/c5de39689b84242e68eec10c9e36c253e61f32b0f8e7fa66886c254cfcfab36d?s=96&d=wp_user_avatar&r=g\",\"caption\":\"amoslaki\"}}]}<\/script>\n<!-- \/ Yoast SEO plugin. -->","yoast_head_json":{"title":"Overtime and overtime agreements - Amos Law Office","robots":{"index":"index","follow":"follow","max-snippet":"max-snippet:-1","max-image-preview":"max-image-preview:large","max-video-preview":"max-video-preview:-1"},"canonical":"https:\/\/amoslaki.fi\/en\/overtime-and-overtime-agreements\/","og_locale":"en_GB","og_type":"article","og_title":"Ylity\u00f6t ja niist\u00e4 sopiminen &#8211; Asianajotoimisto Amos","og_description":"Ylity\u00f6ll\u00e4 tarkoitetaan lyhyesti m\u00e4\u00e4riteltyn\u00e4 ty\u00f6t\u00e4, joka ylitt\u00e4\u00e4 ty\u00f6ntekij\u00e4n s\u00e4\u00e4nn\u00f6llisen ty\u00f6ajan enimm\u00e4ism\u00e4\u00e4r\u00e4n. Ty\u00f6aikalain yleiss\u00e4\u00e4nn\u00f6n mukaan s\u00e4\u00e4nn\u00f6llinen ty\u00f6aika on 8 tuntia vuorokaudessa ja 40 tuntia viikossa. S\u00e4\u00e4nn\u00f6llisen ty\u00f6ajan ylitt\u00e4minen ei kuitenkaan itsess\u00e4\u00e4n riit\u00e4: s\u00e4\u00e4nn\u00f6llisen ty\u00f6ajan ylitt\u00e4v\u00e4 ty\u00f6 katsotaan ylity\u00f6ksi ainoastaan, jos se tehd\u00e4\u00e4n ty\u00f6nantajan aloitteesta ja ty\u00f6nantajan hyv\u00e4ksym\u00e4n\u00e4. Jos ty\u00f6ntekij\u00e4 pident\u00e4\u00e4 ty\u00f6p\u00e4iv\u00e4\u00e4ns\u00e4 haastavan ty\u00f6tilanteen ja l\u00e4hestyvien m\u00e4\u00e4r\u00e4aikojen [&hellip;]","og_url":"https:\/\/amoslaki.fi\/en\/overtime-and-overtime-agreements\/","og_site_name":"Asianajotoimisto Amos","article_publisher":"https:\/\/www.facebook.com\/lakiamos\/","article_published_time":"2024-10-16T05:53:04+00:00","article_modified_time":"2026-03-27T07:44:06+00:00","og_image":[{"width":2560,"height":1707,"url":"https:\/\/amoslaki.fi\/wp-content\/uploads\/2022\/03\/shutterstock_1038948943-scaled.jpg","type":"image\/jpeg"}],"author":"amoslaki","twitter_card":"summary_large_image","twitter_misc":{"Written by":"amoslaki","Estimated reading time":"3 minutes"},"schema":{"@context":"https:\/\/schema.org","@graph":[{"@type":"Article","@id":"https:\/\/amoslaki.fi\/ylityot-ja-niista-sopiminen\/#article","isPartOf":{"@id":"https:\/\/amoslaki.fi\/ylityot-ja-niista-sopiminen\/"},"author":{"name":"amoslaki","@id":"https:\/\/amoslaki.fi\/#\/schema\/person\/8e4dd0f46e5723414767fb6d533e646a"},"headline":"Ylity\u00f6t ja niist\u00e4 sopiminen","datePublished":"2024-10-16T05:53:04+00:00","dateModified":"2026-03-27T07:44:06+00:00","mainEntityOfPage":{"@id":"https:\/\/amoslaki.fi\/ylityot-ja-niista-sopiminen\/"},"wordCount":659,"publisher":{"@id":"https:\/\/amoslaki.fi\/#organization"},"image":{"@id":"https:\/\/amoslaki.fi\/ylityot-ja-niista-sopiminen\/#primaryimage"},"thumbnailUrl":"https:\/\/amoslaki.fi\/wp-content\/uploads\/2022\/03\/shutterstock_1038948943-scaled.jpg","keywords":["Korotettu palkka","Lis\u00e4ty\u00f6","ty\u00f6aikalaki","ty\u00f6ehtosopimus","Ty\u00f6ntekij\u00e4n oikeudet","ty\u00f6sopimus","Viikoittainen ylity\u00f6","Vuorokautinen ylity\u00f6","Ylity\u00f6","ylity\u00f6korvaus"],"articleSection":["Ty\u00f6oikeus","Yritt\u00e4j\u00e4t","Yritysoikeus"],"inLanguage":"en-GB"},{"@type":"WebPage","@id":"https:\/\/amoslaki.fi\/ylityot-ja-niista-sopiminen\/","url":"https:\/\/amoslaki.fi\/ylityot-ja-niista-sopiminen\/","name":"Overtime and overtime agreements - Amos Law Office","isPartOf":{"@id":"https:\/\/amoslaki.fi\/#website"},"primaryImageOfPage":{"@id":"https:\/\/amoslaki.fi\/ylityot-ja-niista-sopiminen\/#primaryimage"},"image":{"@id":"https:\/\/amoslaki.fi\/ylityot-ja-niista-sopiminen\/#primaryimage"},"thumbnailUrl":"https:\/\/amoslaki.fi\/wp-content\/uploads\/2022\/03\/shutterstock_1038948943-scaled.jpg","datePublished":"2024-10-16T05:53:04+00:00","dateModified":"2026-03-27T07:44:06+00:00","breadcrumb":{"@id":"https:\/\/amoslaki.fi\/ylityot-ja-niista-sopiminen\/#breadcrumb"},"inLanguage":"en-GB","potentialAction":[{"@type":"ReadAction","target":["https:\/\/amoslaki.fi\/ylityot-ja-niista-sopiminen\/"]}]},{"@type":"ImageObject","inLanguage":"en-GB","@id":"https:\/\/amoslaki.fi\/ylityot-ja-niista-sopiminen\/#primaryimage","url":"https:\/\/amoslaki.fi\/wp-content\/uploads\/2022\/03\/shutterstock_1038948943-scaled.jpg","contentUrl":"https:\/\/amoslaki.fi\/wp-content\/uploads\/2022\/03\/shutterstock_1038948943-scaled.jpg","width":2560,"height":1707,"caption":"Toimitusjohtajasopimuksessa m\u00e4\u00e4ritell\u00e4\u00e4n toimitusjohtajan ja yhti\u00f6n oikeudet ja velvollisuudet."},{"@type":"BreadcrumbList","@id":"https:\/\/amoslaki.fi\/ylityot-ja-niista-sopiminen\/#breadcrumb","itemListElement":[{"@type":"ListItem","position":1,"name":"Home","item":"https:\/\/amoslaki.fi\/"},{"@type":"ListItem","position":2,"name":"Ylity\u00f6t ja niist\u00e4 sopiminen"}]},{"@type":"WebSite","@id":"https:\/\/amoslaki.fi\/#website","url":"https:\/\/amoslaki.fi\/","name":"Amos Law Office","description":"Caring legal service","publisher":{"@id":"https:\/\/amoslaki.fi\/#organization"},"potentialAction":[{"@type":"SearchAction","target":{"@type":"EntryPoint","urlTemplate":"https:\/\/amoslaki.fi\/?s={search_term_string}"},"query-input":{"@type":"PropertyValueSpecification","valueRequired":true,"valueName":"search_term_string"}}],"inLanguage":"en-GB"},{"@type":"Organization","@id":"https:\/\/amoslaki.fi\/#organization","name":"Amos Law Firm","url":"https:\/\/amoslaki.fi\/","logo":{"@type":"ImageObject","inLanguage":"en-GB","@id":"https:\/\/amoslaki.fi\/#\/schema\/logo\/image\/","url":"https:\/\/amoslaki.fi\/wp-content\/uploads\/2019\/11\/amoslaki-logo-musta-uusi.png","contentUrl":"https:\/\/amoslaki.fi\/wp-content\/uploads\/2019\/11\/amoslaki-logo-musta-uusi.png","width":1223,"height":662,"caption":"Lakiasiaintoimisto Amos"},"image":{"@id":"https:\/\/amoslaki.fi\/#\/schema\/logo\/image\/"},"sameAs":["https:\/\/www.facebook.com\/lakiamos\/","https:\/\/www.instagram.com\/lakiamos\/","https:\/\/www.linkedin.com\/company\/lakiasiaintoimisto-amos-oy\/"]},{"@type":"Person","@id":"https:\/\/amoslaki.fi\/#\/schema\/person\/8e4dd0f46e5723414767fb6d533e646a","name":"amoslaki","image":{"@type":"ImageObject","inLanguage":"en-GB","@id":"https:\/\/secure.gravatar.com\/avatar\/c5de39689b84242e68eec10c9e36c253e61f32b0f8e7fa66886c254cfcfab36d?s=96&d=wp_user_avatar&r=g","url":"https:\/\/secure.gravatar.com\/avatar\/c5de39689b84242e68eec10c9e36c253e61f32b0f8e7fa66886c254cfcfab36d?s=96&d=wp_user_avatar&r=g","contentUrl":"https:\/\/secure.gravatar.com\/avatar\/c5de39689b84242e68eec10c9e36c253e61f32b0f8e7fa66886c254cfcfab36d?s=96&d=wp_user_avatar&r=g","caption":"amoslaki"}}]}},"_links":{"self":[{"href":"https:\/\/amoslaki.fi\/en\/wp-json\/wp\/v2\/posts\/10597","targetHints":{"allow":["GET"]}}],"collection":[{"href":"https:\/\/amoslaki.fi\/en\/wp-json\/wp\/v2\/posts"}],"about":[{"href":"https:\/\/amoslaki.fi\/en\/wp-json\/wp\/v2\/types\/post"}],"author":[{"embeddable":true,"href":"https:\/\/amoslaki.fi\/en\/wp-json\/wp\/v2\/users\/19"}],"replies":[{"embeddable":true,"href":"https:\/\/amoslaki.fi\/en\/wp-json\/wp\/v2\/comments?post=10597"}],"version-history":[{"count":5,"href":"https:\/\/amoslaki.fi\/en\/wp-json\/wp\/v2\/posts\/10597\/revisions"}],"predecessor-version":[{"id":238310,"href":"https:\/\/amoslaki.fi\/en\/wp-json\/wp\/v2\/posts\/10597\/revisions\/238310"}],"wp:featuredmedia":[{"embeddable":true,"href":"https:\/\/amoslaki.fi\/en\/wp-json\/wp\/v2\/media\/10030"}],"wp:attachment":[{"href":"https:\/\/amoslaki.fi\/en\/wp-json\/wp\/v2\/media?parent=10597"}],"wp:term":[{"taxonomy":"category","embeddable":true,"href":"https:\/\/amoslaki.fi\/en\/wp-json\/wp\/v2\/categories?post=10597"},{"taxonomy":"post_tag","embeddable":true,"href":"https:\/\/amoslaki.fi\/en\/wp-json\/wp\/v2\/tags?post=10597"}],"curies":[{"name":"wp","href":"https:\/\/api.w.org\/{rel}","templated":true}]}}