{"id":12277,"date":"2024-11-01T14:00:56","date_gmt":"2024-11-01T12:00:56","guid":{"rendered":"https:\/\/amoslaki.fi\/?p=12277"},"modified":"2026-03-27T09:15:48","modified_gmt":"2026-03-27T07:15:48","slug":"dismissal-of-an-employee-for-production-and-economic-reasons","status":"publish","type":"post","link":"https:\/\/amoslaki.fi\/en\/tyontekijan-irtisanominen-tuotannollisin-ja-taloudellisin-perustein\/","title":{"rendered":"Dismissal of an employee for production and economic reasons"},"content":{"rendered":"<div id=\"ez-toc-container\" class=\"ez-toc-v2_0_82_2 counter-hierarchy ez-toc-counter ez-toc-white ez-toc-container-direction\">\n<div class=\"ez-toc-title-container\">\n<p class=\"ez-toc-title\" style=\"cursor:inherit\">Table of contents<\/p>\n<span class=\"ez-toc-title-toggle\"><a href=\"#\" class=\"ez-toc-pull-right ez-toc-btn ez-toc-btn-xs ez-toc-btn-default ez-toc-toggle\" aria-label=\"Toggle Table of Contents\"><span class=\"ez-toc-js-icon-con\"><span class=\"\"><span class=\"eztoc-hide\" style=\"display:none;\">Toggle<\/span><span class=\"ez-toc-icon-toggle-span\"><svg style=\"fill: #999;color:#999\" xmlns=\"http:\/\/www.w3.org\/2000\/svg\" class=\"list-377408\" width=\"20px\" height=\"20px\" viewbox=\"0 0 24 24\" fill=\"none\"><path d=\"M6 6H4v2h2V6zm14 0H8v2h12V6zM4 11h2v2H4v-2zm16 0H8v2h12v-2zM4 16h2v2H4v-2zm16 0H8v2h12v-2z\" fill=\"currentColor\"><\/path><\/svg><svg style=\"fill: #999;color:#999\" class=\"arrow-unsorted-368013\" xmlns=\"http:\/\/www.w3.org\/2000\/svg\" width=\"10px\" height=\"10px\" viewbox=\"0 0 24 24\" version=\"1.2\" baseprofile=\"tiny\"><path d=\"M18.2 9.3l-6.2-6.3-6.2 6.3c-.2.2-.3.4-.3.7s.1.5.3.7c.2.2.4.3.7.3h11c.3 0 .5-.1.7-.3.2-.2.3-.5.3-.7s-.1-.5-.3-.7zM5.8 14.7l6.2 6.3 6.2-6.3c.2-.2.3-.5.3-.7s-.1-.5-.3-.7c-.2-.2-.4-.3-.7-.3h-11c-.3 0-.5.1-.7.3-.2.2-.3.5-.3.7s.1.5.3.7z\"\/><\/svg><\/span><\/span><\/span><\/a><\/span><\/div>\n<nav><ul class='ez-toc-list ez-toc-list-level-1' ><li class='ez-toc-page-1 ez-toc-heading-level-2'><a class=\"ez-toc-link ez-toc-heading-1\" href=\"https:\/\/amoslaki.fi\/en\/tyontekijan-irtisanominen-tuotannollisin-ja-taloudellisin-perustein\/#Irtisanomisperuste\" >Grounds for dismissal<\/a><\/li><li class='ez-toc-page-1 ez-toc-heading-level-2'><a class=\"ez-toc-link ez-toc-heading-2\" href=\"https:\/\/amoslaki.fi\/en\/tyontekijan-irtisanominen-tuotannollisin-ja-taloudellisin-perustein\/#Tyonantajan_selvitysvelvollisuus\" >Employer's obligation to clarify<\/a><\/li><li class='ez-toc-page-1 ez-toc-heading-level-2'><a class=\"ez-toc-link ez-toc-heading-3\" href=\"https:\/\/amoslaki.fi\/en\/tyontekijan-irtisanominen-tuotannollisin-ja-taloudellisin-perustein\/#Tyosopimuksen_paattamisilmoitus_%E2%80%93_irtisanomisilmoitus\" >Notice of termination of employment contract - notice of termination<\/a><\/li><li class='ez-toc-page-1 ez-toc-heading-level-2'><a class=\"ez-toc-link ez-toc-heading-4\" href=\"https:\/\/amoslaki.fi\/en\/tyontekijan-irtisanominen-tuotannollisin-ja-taloudellisin-perustein\/#Irtisanomisilmoitus_on_suositeltavaa_tehda_kirjallisesti\" >It is advisable to give notice of termination in writing.<\/a><\/li><li class='ez-toc-page-1 ez-toc-heading-level-2'><a class=\"ez-toc-link ez-toc-heading-5\" href=\"https:\/\/amoslaki.fi\/en\/tyontekijan-irtisanominen-tuotannollisin-ja-taloudellisin-perustein\/#Yhteistoimintalaki_ja_muutosneuvottelut\" >The law on collective bargaining and negotiations on changes<\/a><\/li><li class='ez-toc-page-1 ez-toc-heading-level-2'><a class=\"ez-toc-link ez-toc-heading-6\" href=\"https:\/\/amoslaki.fi\/en\/tyontekijan-irtisanominen-tuotannollisin-ja-taloudellisin-perustein\/#Tyonantajan_ilmoitus_tyo-_ja_elinkeinotoimistolle\" >Employer's notification to the Employment and Economic Development Office<\/a><\/li><li class='ez-toc-page-1 ez-toc-heading-level-2'><a class=\"ez-toc-link ez-toc-heading-7\" href=\"https:\/\/amoslaki.fi\/en\/tyontekijan-irtisanominen-tuotannollisin-ja-taloudellisin-perustein\/#Tyonantajan_muistilista\" >Employer's checklist<\/a><\/li><\/ul><\/nav><\/div>\n<p><em><span style=\"font-size: 14pt;\">An employer may terminate an employment contract if the work available has been substantially and permanently reduced for economic, production or organisational reasons. A temporary reduction in work does not justify dismissal. An undertaking which regularly employs at least 20 workers must deal with the dismissal in the framework of the change negotiation procedure provided for in the law on collective bargaining.<\/span><\/em><\/p>\n<p>&nbsp;<\/p>\n<h2><span class=\"ez-toc-section\" id=\"Irtisanomisperuste\"><\/span><strong><span style=\"font-size: 14pt;\">Grounds for dismissal<\/span><\/strong><span class=\"ez-toc-section-end\"><\/span><\/h2>\n<p>According to the Employment Contracts Act, an employer may terminate an employment contract if the available work has been substantially and permanently reduced for economic, production or restructuring reasons. A temporary reduction in work does not justify dismissal. It is generally held that a reduction in work lasting more than 90 days is required for an employee to be dismissed. If the reduction in work is only temporary, the employer can lay off the employee, but not dismiss him. Our website has a separate article<span style=\"color: #0000ff;\"> <a style=\"color: #0000ff;\" href=\"https:\/\/amoslaki.fi\/en\/tyontekijan-lomauttaminen\/\">the dismissal of an employee<\/a><\/span>.<\/p>\n<p>An employment contract of indefinite duration can only be terminated for a valid and serious reason. An employment contract may not be terminated if the employee can be redeployed or trained for other duties. There are no grounds for dismissal, at least not if the employer has either before or after the dismissal taken on a new employee for similar work or if the reorganisation of work has not resulted in an actual reduction in work.<\/p>\n<p>However, the employer does not have to wait until the actual reduction in work before dismissing the employee, but can anticipate the future reduction in work. Namely, if the employer knows that there will be a substantial and permanent reduction in work at a given time, he can dismiss the employee in advance so that the notice period ends at the earliest at the beginning of the known reduction in work. However, the employer must ensure that the conditions for dismissal remain in force at the time the employment relationship is terminated.<\/p>\n<p>&nbsp;<\/p>\n<h2><span class=\"ez-toc-section\" id=\"Tyonantajan_selvitysvelvollisuus\"><\/span><strong><span style=\"font-size: 14pt;\">Employer's obligation to clarify<\/span><\/strong><span class=\"ez-toc-section-end\"><\/span><\/h2>\n<p>Before the employer terminates the employment contract on economic and production grounds, the employer must explain the grounds and alternatives for termination to the employee as early as possible. The alternatives are usually the offer of another job, training for new tasks, redundancy or part-time work. This explanation does not have to be given in writing, but it is advisable in order to establish both the grounds for dismissal and the obligation to provide it.<\/p>\n<p>If the dismissal concerns several employees, the prior declaration may be given to the employees' representative, the shop steward or, if the employees have not chosen a representative, to the employees collectively. There is no time limit on how long it must take from the date of the advance notice to the date of the notice of dismissal. However, it must be given before the dismissal and as far in advance as possible.<\/p>\n<p>However, in order to avoid duplication of information and consultation obligations, there is no obligation to provide explanations if the employer is obliged to consult the workers or their representatives on the grounds for dismissal. In practice, it is the employer's obligation to negotiate changes.<\/p>\n<h2><span class=\"ez-toc-section\" id=\"Tyosopimuksen_paattamisilmoitus_%E2%80%93_irtisanomisilmoitus\"><\/span><span style=\"font-size: 14pt;\"><strong>Notice of termination of employment contract - notice of termination<\/strong><\/span><span class=\"ez-toc-section-end\"><\/span><\/h2>\n<p>The notice of termination of employment must be delivered to the employee in person. If this is not possible, the notice may be given by letter or electronically. In such cases, the employee shall be deemed to have received the notice no later than the seventh day after it was sent. However, if the employee is on annual leave, the notice sent by electronic means or by letter shall be deemed to have been given no earlier than the day following the end of the leave or leave.<\/p>\n<h2><span class=\"ez-toc-section\" id=\"Irtisanomisilmoitus_on_suositeltavaa_tehda_kirjallisesti\"><\/span><strong><span style=\"font-size: 14pt;\">It is advisable to give notice of termination in writing.<\/span><\/strong><span class=\"ez-toc-section-end\"><\/span><\/h2>\n<p>The termination notice should state the reason for the termination of the employment contract in detail. In any event, the employee must, at his request, be informed in writing of the date of termination and the reasons for termination.<\/p>\n<p>The termination notice should be made in two copies, one of which must be signed by the employee to acknowledge receipt. The employee is not obliged to sign the notice of termination, but on the other hand, the employee does not accept the termination by signing it either. If the employee does not sign the notice of dismissal, a witness should be called to verify that the notice of dismissal has been delivered. The dismissal itself is valid without the signature of a witness or the employee, but it may be problematic to verify it in the future.<\/p>\n<h2><span class=\"ez-toc-section\" id=\"Yhteistoimintalaki_ja_muutosneuvottelut\"><\/span><span style=\"font-size: 14pt;\"><strong>The law on collective bargaining and negotiations on changes<\/strong><\/span><span class=\"ez-toc-section-end\"><\/span><\/h2>\n<p>A company with a regular number of employees of 20 or more must deal with dismissal issues through the change negotiation procedure under the Collective Bargaining Act. We recommend that companies consult a lawyer before entering into such negotiations, and in all other matters relating to termination of employment, as errors in these matters usually result in substantial compensation. Our website also contains a brochure <span style=\"color: #0000ff;\"><a style=\"color: #0000ff;\" href=\"https:\/\/amoslaki.fi\/en\/change-negotiations\/\">on collaboration and change negotiations.<\/a><\/span><\/p>\n<h2><span class=\"ez-toc-section\" id=\"Tyonantajan_ilmoitus_tyo-_ja_elinkeinotoimistolle\"><\/span><span style=\"font-size: 14pt;\"><strong>Employer's notification to the Employment and Economic Development Office<\/strong><\/span><span class=\"ez-toc-section-end\"><\/span><\/h2>\n<p>The employer must inform the Employment and Economic Development Office when dismissing employees on production and economic grounds. The obligation to notify arises if there are at least ten employees to be dismissed. The notification must state the number of employees to be made redundant, their occupations or jobs and the dates on which their employment contracts end.<\/p>\n<h2><span class=\"ez-toc-section\" id=\"Tyonantajan_muistilista\"><\/span><u>Employer's checklist<\/u><span class=\"ez-toc-section-end\"><\/span><\/h2>\n<ul>\n<li>the dismissal process must be organised <a href=\"https:\/\/amoslaki.fi\/en\/co-operation-act-and-change-negotiations\/\"><span style=\"color: #0000ff;\">through negotiations on changes in accordance with the Co-operation Act<\/span><\/a>, if the employer regularly employs more than 20 people,<\/li>\n<\/ul>\n<ul>\n<li>workers can only be dismissed on production and economic grounds if the job losses are substantial and permanent,<\/li>\n<\/ul>\n<ul>\n<li>temporary job losses (usually less than 90 days or so) entitle workers to lay-offs, not dismissals,<\/li>\n<\/ul>\n<ul>\n<li>the employer must explain the reasons and options for dismissal to the workers before the dismissal, unless the dismissal is carried out through a process of change negotiations,<\/li>\n<\/ul>\n<ul>\n<li>the collective agreement may contain specific provisions on the dismissal process, so the terms of the collective agreement should be clarified before dismissal,<\/li>\n<\/ul>\n<ul>\n<li>it is advisable to give written notice of termination,<\/li>\n<\/ul>\n<ul>\n<li>the employer must notify the TE Office if it intends to dismiss at least 10 workers,<\/li>\n<\/ul>\n<ul>\n<li>we recommend that you consult a lawyer about any dismissal.<\/li>\n<\/ul>\n<p>&nbsp;<\/p>\n<p><em>Jari Sotka<\/em><br \/>\n<em>Lawyer, MBA<\/em><\/p>\n<p><em>Tel. 040 544 0610<\/em><br \/>\n<em>jari.sotka@amoslaki.fi<\/em><\/p>\n<p><em>Amos Attorneys at Law Oy<\/em><br \/>\n<em>www.amoslaki.fi<\/em><\/p>\n<p><em>The author has worked as a lawyer and advocate for more than 25 years, focusing throughout his career on preventing and solving legal problems for small and medium-sized enterprises.<\/em><\/p>","protected":false},"excerpt":{"rendered":"<p>Ty\u00f6nantaja saa irtisanoa ty\u00f6sopimuksen, kun tarjolla oleva ty\u00f6 on taloudellisista, tuotannollisista tai ty\u00f6nantajan toiminnan uudelleenj\u00e4rjestelyist\u00e4 johtuvista syist\u00e4 v\u00e4hentynyt olennaisesti ja pysyv\u00e4sti. Ty\u00f6n tilap\u00e4inen v\u00e4hentyminen ei oikeuta irtisanomiseen. Yrityksen, jonka ty\u00f6suhteessa olevien ty\u00f6ntekij\u00f6iden m\u00e4\u00e4r\u00e4 on s\u00e4\u00e4nn\u00f6llisesti v\u00e4hint\u00e4\u00e4n 20, on k\u00e4sitelt\u00e4v\u00e4 irtisanomista koskevat asiat yhteistoimintalain mukaisessa muutosneuvottelumenettelyss\u00e4 &nbsp; Irtisanomisperuste Ty\u00f6sopimuslain mukaan ty\u00f6nantaja saa irtisanoa ty\u00f6sopimuksen, kun tarjolla [&hellip;]<\/p>\n","protected":false},"author":19,"featured_media":12172,"comment_status":"closed","ping_status":"closed","sticky":false,"template":"","format":"standard","meta":{"_acf_changed":false,"footnotes":""},"categories":[32,63,13,621],"tags":[607,327,601,606,202,201,326,594,324,329,605,908,487,328,46,603,200,44,330,491,591,604,325],"class_list":["post-12277","post","type-post","status-publish","format-standard","has-post-thumbnail","hentry","category-tyooikeus","category-yrittajat","category-yritysjuridiikka","category-yritysoikeus","tag-henkiloston-edustaja","tag-irtisanominen","tag-irtisanomisaika","tag-irtisanomisilmoitus","tag-irtisanomisperuste","tag-laiton-irtisanominen","tag-lomauttaminen","tag-luottamusmies","tag-muutosneuvottelut","tag-muutosneuvottelut-ja-neuvotteluaika","tag-paattamisilmoitus","tag-paattamisperuste","tag-taloudelliset-ja-tuotannolliset-syyt","tag-tuotannolliset-ja-taloudelliset-syyt","tag-tyoehtosopimus","tag-tyos","tag-tyosopimuksen-irtisanominen","tag-tyosopimus","tag-tyosuhteen-ehtojen-muuttaminen","tag-yhteistoimintalaki","tag-yt","tag-yt-neuvottelut","tag-yt-menettely"],"acf":[],"yoast_head":"<!-- This site is optimized with the Yoast SEO plugin v27.4 - https:\/\/yoast.com\/product\/yoast-seo-wordpress\/ -->\n<title>Ty\u00f6ntekij\u00e4n irtisanominen tuotannollisin ja taloudellisin perustein &#8211; Asianajotoimisto Amos<\/title>\n<meta name=\"description\" content=\"Ty\u00f6suhteen p\u00e4\u00e4tt\u00e4miseen liittyviss\u00e4 kysymyksiss\u00e4 yritysten kannattaa jo valmisteluvaiheessa k\u00e4\u00e4nty\u00e4 asianajajan puoleen sill\u00e4 n\u00e4iss\u00e4 asioissa erehtyminen on yleens\u00e4 huomattavan kallista.\" \/>\n<meta name=\"robots\" content=\"index, follow, max-snippet:-1, max-image-preview:large, max-video-preview:-1\" \/>\n<link rel=\"canonical\" href=\"https:\/\/amoslaki.fi\/en\/dismissal-of-an-employee-for-production-and-economic-reasons\/\" \/>\n<meta property=\"og:locale\" content=\"en_GB\" \/>\n<meta property=\"og:type\" content=\"article\" \/>\n<meta property=\"og:title\" content=\"Ty\u00f6ntekij\u00e4n irtisanominen tuotannollisin ja taloudellisin perustein &#8211; Asianajotoimisto Amos\" \/>\n<meta property=\"og:description\" content=\"Ty\u00f6suhteen p\u00e4\u00e4tt\u00e4miseen liittyviss\u00e4 kysymyksiss\u00e4 yritysten kannattaa jo valmisteluvaiheessa k\u00e4\u00e4nty\u00e4 asianajajan puoleen sill\u00e4 n\u00e4iss\u00e4 asioissa erehtyminen on yleens\u00e4 huomattavan kallista.\" \/>\n<meta property=\"og:url\" content=\"https:\/\/amoslaki.fi\/en\/dismissal-of-an-employee-for-production-and-economic-reasons\/\" \/>\n<meta property=\"og:site_name\" content=\"Asianajotoimisto Amos\" \/>\n<meta property=\"article:publisher\" content=\"https:\/\/www.facebook.com\/lakiamos\/\" \/>\n<meta property=\"article:published_time\" content=\"2024-11-01T12:00:56+00:00\" \/>\n<meta property=\"article:modified_time\" content=\"2026-03-27T07:15:48+00:00\" \/>\n<meta property=\"og:image\" content=\"https:\/\/amoslaki.fi\/wp-content\/uploads\/2024\/02\/V8A1660_3-scaled.jpg\" \/>\n\t<meta property=\"og:image:width\" content=\"2560\" \/>\n\t<meta property=\"og:image:height\" content=\"1627\" \/>\n\t<meta property=\"og:image:type\" content=\"image\/jpeg\" \/>\n<meta name=\"author\" content=\"amoslaki\" \/>\n<meta name=\"twitter:card\" content=\"summary_large_image\" \/>\n<meta name=\"twitter:label1\" content=\"Written by\" \/>\n\t<meta name=\"twitter:data1\" content=\"amoslaki\" \/>\n\t<meta name=\"twitter:label2\" content=\"Estimated reading time\" \/>\n\t<meta name=\"twitter:data2\" content=\"4 minutes\" \/>\n<script type=\"application\/ld+json\" class=\"yoast-schema-graph\">{\"@context\":\"https:\\\/\\\/schema.org\",\"@graph\":[{\"@type\":\"Article\",\"@id\":\"https:\\\/\\\/amoslaki.fi\\\/tyontekijan-irtisanominen-tuotannollisin-ja-taloudellisin-perustein\\\/#article\",\"isPartOf\":{\"@id\":\"https:\\\/\\\/amoslaki.fi\\\/tyontekijan-irtisanominen-tuotannollisin-ja-taloudellisin-perustein\\\/\"},\"author\":{\"name\":\"amoslaki\",\"@id\":\"https:\\\/\\\/amoslaki.fi\\\/#\\\/schema\\\/person\\\/8e4dd0f46e5723414767fb6d533e646a\"},\"headline\":\"Ty\u00f6ntekij\u00e4n irtisanominen tuotannollisin ja taloudellisin perustein\",\"datePublished\":\"2024-11-01T12:00:56+00:00\",\"dateModified\":\"2026-03-27T07:15:48+00:00\",\"mainEntityOfPage\":{\"@id\":\"https:\\\/\\\/amoslaki.fi\\\/tyontekijan-irtisanominen-tuotannollisin-ja-taloudellisin-perustein\\\/\"},\"wordCount\":949,\"publisher\":{\"@id\":\"https:\\\/\\\/amoslaki.fi\\\/#organization\"},\"image\":{\"@id\":\"https:\\\/\\\/amoslaki.fi\\\/tyontekijan-irtisanominen-tuotannollisin-ja-taloudellisin-perustein\\\/#primaryimage\"},\"thumbnailUrl\":\"https:\\\/\\\/amoslaki.fi\\\/wp-content\\\/uploads\\\/2024\\\/02\\\/V8A1660_3-scaled.jpg\",\"keywords\":[\"henkil\u00f6st\u00f6n edustaja\",\"irtisanominen\",\"irtisanomisaika\",\"irtisanomisilmoitus\",\"irtisanomisperuste\",\"laiton irtisanominen\",\"lomauttaminen\",\"luottamusmies\",\"Muutosneuvottelut\",\"muutosneuvottelut ja neuvotteluaika\",\"p\u00e4\u00e4tt\u00e4misilmoitus\",\"p\u00e4\u00e4tt\u00e4misperuste\",\"taloudelliset ja tuotannolliset syyt\",\"tuotannolliset- ja taloudelliset syyt\",\"ty\u00f6ehtosopimus\",\"ty\u00f6s\",\"ty\u00f6sopimuksen irtisanominen\",\"ty\u00f6sopimus\",\"ty\u00f6suhteen ehtojen muuttaminen\",\"yhteistoimintalaki\",\"YT\",\"YT neuvottelut\",\"YT-menettely\"],\"articleSection\":[\"Ty\u00f6oikeus\",\"Yritt\u00e4j\u00e4t\",\"Yritysjuridiikka\",\"Yritysoikeus\"],\"inLanguage\":\"en-GB\"},{\"@type\":\"WebPage\",\"@id\":\"https:\\\/\\\/amoslaki.fi\\\/tyontekijan-irtisanominen-tuotannollisin-ja-taloudellisin-perustein\\\/\",\"url\":\"https:\\\/\\\/amoslaki.fi\\\/tyontekijan-irtisanominen-tuotannollisin-ja-taloudellisin-perustein\\\/\",\"name\":\"Ty\u00f6ntekij\u00e4n irtisanominen tuotannollisin ja taloudellisin perustein &#8211; Asianajotoimisto Amos\",\"isPartOf\":{\"@id\":\"https:\\\/\\\/amoslaki.fi\\\/#website\"},\"primaryImageOfPage\":{\"@id\":\"https:\\\/\\\/amoslaki.fi\\\/tyontekijan-irtisanominen-tuotannollisin-ja-taloudellisin-perustein\\\/#primaryimage\"},\"image\":{\"@id\":\"https:\\\/\\\/amoslaki.fi\\\/tyontekijan-irtisanominen-tuotannollisin-ja-taloudellisin-perustein\\\/#primaryimage\"},\"thumbnailUrl\":\"https:\\\/\\\/amoslaki.fi\\\/wp-content\\\/uploads\\\/2024\\\/02\\\/V8A1660_3-scaled.jpg\",\"datePublished\":\"2024-11-01T12:00:56+00:00\",\"dateModified\":\"2026-03-27T07:15:48+00:00\",\"description\":\"Ty\u00f6suhteen p\u00e4\u00e4tt\u00e4miseen liittyviss\u00e4 kysymyksiss\u00e4 yritysten kannattaa jo valmisteluvaiheessa k\u00e4\u00e4nty\u00e4 asianajajan puoleen sill\u00e4 n\u00e4iss\u00e4 asioissa erehtyminen on yleens\u00e4 huomattavan kallista.\",\"breadcrumb\":{\"@id\":\"https:\\\/\\\/amoslaki.fi\\\/tyontekijan-irtisanominen-tuotannollisin-ja-taloudellisin-perustein\\\/#breadcrumb\"},\"inLanguage\":\"en-GB\",\"potentialAction\":[{\"@type\":\"ReadAction\",\"target\":[\"https:\\\/\\\/amoslaki.fi\\\/tyontekijan-irtisanominen-tuotannollisin-ja-taloudellisin-perustein\\\/\"]}]},{\"@type\":\"ImageObject\",\"inLanguage\":\"en-GB\",\"@id\":\"https:\\\/\\\/amoslaki.fi\\\/tyontekijan-irtisanominen-tuotannollisin-ja-taloudellisin-perustein\\\/#primaryimage\",\"url\":\"https:\\\/\\\/amoslaki.fi\\\/wp-content\\\/uploads\\\/2024\\\/02\\\/V8A1660_3-scaled.jpg\",\"contentUrl\":\"https:\\\/\\\/amoslaki.fi\\\/wp-content\\\/uploads\\\/2024\\\/02\\\/V8A1660_3-scaled.jpg\",\"width\":2560,\"height\":1627,\"caption\":\"ty\u00f6oikeuden asiantuntija\"},{\"@type\":\"BreadcrumbList\",\"@id\":\"https:\\\/\\\/amoslaki.fi\\\/tyontekijan-irtisanominen-tuotannollisin-ja-taloudellisin-perustein\\\/#breadcrumb\",\"itemListElement\":[{\"@type\":\"ListItem\",\"position\":1,\"name\":\"Home\",\"item\":\"https:\\\/\\\/amoslaki.fi\\\/\"},{\"@type\":\"ListItem\",\"position\":2,\"name\":\"Ty\u00f6ntekij\u00e4n irtisanominen tuotannollisin ja taloudellisin perustein\"}]},{\"@type\":\"WebSite\",\"@id\":\"https:\\\/\\\/amoslaki.fi\\\/#website\",\"url\":\"https:\\\/\\\/amoslaki.fi\\\/\",\"name\":\"Asianajotoimisto Amos\",\"description\":\"Huolehtivaa lakipalvelua\",\"publisher\":{\"@id\":\"https:\\\/\\\/amoslaki.fi\\\/#organization\"},\"potentialAction\":[{\"@type\":\"SearchAction\",\"target\":{\"@type\":\"EntryPoint\",\"urlTemplate\":\"https:\\\/\\\/amoslaki.fi\\\/?s={search_term_string}\"},\"query-input\":{\"@type\":\"PropertyValueSpecification\",\"valueRequired\":true,\"valueName\":\"search_term_string\"}}],\"inLanguage\":\"en-GB\"},{\"@type\":\"Organization\",\"@id\":\"https:\\\/\\\/amoslaki.fi\\\/#organization\",\"name\":\"Lakiasiaintoimisto Amos\",\"url\":\"https:\\\/\\\/amoslaki.fi\\\/\",\"logo\":{\"@type\":\"ImageObject\",\"inLanguage\":\"en-GB\",\"@id\":\"https:\\\/\\\/amoslaki.fi\\\/#\\\/schema\\\/logo\\\/image\\\/\",\"url\":\"https:\\\/\\\/amoslaki.fi\\\/wp-content\\\/uploads\\\/2019\\\/11\\\/amoslaki-logo-musta-uusi.png\",\"contentUrl\":\"https:\\\/\\\/amoslaki.fi\\\/wp-content\\\/uploads\\\/2019\\\/11\\\/amoslaki-logo-musta-uusi.png\",\"width\":1223,\"height\":662,\"caption\":\"Lakiasiaintoimisto Amos\"},\"image\":{\"@id\":\"https:\\\/\\\/amoslaki.fi\\\/#\\\/schema\\\/logo\\\/image\\\/\"},\"sameAs\":[\"https:\\\/\\\/www.facebook.com\\\/lakiamos\\\/\",\"https:\\\/\\\/www.instagram.com\\\/lakiamos\\\/\",\"https:\\\/\\\/www.linkedin.com\\\/company\\\/lakiasiaintoimisto-amos-oy\\\/\"]},{\"@type\":\"Person\",\"@id\":\"https:\\\/\\\/amoslaki.fi\\\/#\\\/schema\\\/person\\\/8e4dd0f46e5723414767fb6d533e646a\",\"name\":\"amoslaki\",\"image\":{\"@type\":\"ImageObject\",\"inLanguage\":\"en-GB\",\"@id\":\"https:\\\/\\\/secure.gravatar.com\\\/avatar\\\/c5de39689b84242e68eec10c9e36c253e61f32b0f8e7fa66886c254cfcfab36d?s=96&d=wp_user_avatar&r=g\",\"url\":\"https:\\\/\\\/secure.gravatar.com\\\/avatar\\\/c5de39689b84242e68eec10c9e36c253e61f32b0f8e7fa66886c254cfcfab36d?s=96&d=wp_user_avatar&r=g\",\"contentUrl\":\"https:\\\/\\\/secure.gravatar.com\\\/avatar\\\/c5de39689b84242e68eec10c9e36c253e61f32b0f8e7fa66886c254cfcfab36d?s=96&d=wp_user_avatar&r=g\",\"caption\":\"amoslaki\"}}]}<\/script>\n<!-- \/ Yoast SEO plugin. -->","yoast_head_json":{"title":"Dismissal of an employee on production and economic grounds - Amos Law Office","description":"In matters relating to termination of employment, it is advisable for companies to consult a lawyer at an early stage, as it is usually very expensive to make a mistake in these matters.","robots":{"index":"index","follow":"follow","max-snippet":"max-snippet:-1","max-image-preview":"max-image-preview:large","max-video-preview":"max-video-preview:-1"},"canonical":"https:\/\/amoslaki.fi\/en\/dismissal-of-an-employee-for-production-and-economic-reasons\/","og_locale":"en_GB","og_type":"article","og_title":"Ty\u00f6ntekij\u00e4n irtisanominen tuotannollisin ja taloudellisin perustein &#8211; Asianajotoimisto Amos","og_description":"Ty\u00f6suhteen p\u00e4\u00e4tt\u00e4miseen liittyviss\u00e4 kysymyksiss\u00e4 yritysten kannattaa jo valmisteluvaiheessa k\u00e4\u00e4nty\u00e4 asianajajan puoleen sill\u00e4 n\u00e4iss\u00e4 asioissa erehtyminen on yleens\u00e4 huomattavan kallista.","og_url":"https:\/\/amoslaki.fi\/en\/dismissal-of-an-employee-for-production-and-economic-reasons\/","og_site_name":"Asianajotoimisto Amos","article_publisher":"https:\/\/www.facebook.com\/lakiamos\/","article_published_time":"2024-11-01T12:00:56+00:00","article_modified_time":"2026-03-27T07:15:48+00:00","og_image":[{"width":2560,"height":1627,"url":"https:\/\/amoslaki.fi\/wp-content\/uploads\/2024\/02\/V8A1660_3-scaled.jpg","type":"image\/jpeg"}],"author":"amoslaki","twitter_card":"summary_large_image","twitter_misc":{"Written by":"amoslaki","Estimated reading time":"4 minutes"},"schema":{"@context":"https:\/\/schema.org","@graph":[{"@type":"Article","@id":"https:\/\/amoslaki.fi\/tyontekijan-irtisanominen-tuotannollisin-ja-taloudellisin-perustein\/#article","isPartOf":{"@id":"https:\/\/amoslaki.fi\/tyontekijan-irtisanominen-tuotannollisin-ja-taloudellisin-perustein\/"},"author":{"name":"amoslaki","@id":"https:\/\/amoslaki.fi\/#\/schema\/person\/8e4dd0f46e5723414767fb6d533e646a"},"headline":"Ty\u00f6ntekij\u00e4n irtisanominen tuotannollisin ja taloudellisin perustein","datePublished":"2024-11-01T12:00:56+00:00","dateModified":"2026-03-27T07:15:48+00:00","mainEntityOfPage":{"@id":"https:\/\/amoslaki.fi\/tyontekijan-irtisanominen-tuotannollisin-ja-taloudellisin-perustein\/"},"wordCount":949,"publisher":{"@id":"https:\/\/amoslaki.fi\/#organization"},"image":{"@id":"https:\/\/amoslaki.fi\/tyontekijan-irtisanominen-tuotannollisin-ja-taloudellisin-perustein\/#primaryimage"},"thumbnailUrl":"https:\/\/amoslaki.fi\/wp-content\/uploads\/2024\/02\/V8A1660_3-scaled.jpg","keywords":["henkil\u00f6st\u00f6n edustaja","irtisanominen","irtisanomisaika","irtisanomisilmoitus","irtisanomisperuste","laiton irtisanominen","lomauttaminen","luottamusmies","Muutosneuvottelut","muutosneuvottelut ja neuvotteluaika","p\u00e4\u00e4tt\u00e4misilmoitus","p\u00e4\u00e4tt\u00e4misperuste","taloudelliset ja tuotannolliset syyt","tuotannolliset- ja taloudelliset syyt","ty\u00f6ehtosopimus","ty\u00f6s","ty\u00f6sopimuksen irtisanominen","ty\u00f6sopimus","ty\u00f6suhteen ehtojen muuttaminen","yhteistoimintalaki","YT","YT neuvottelut","YT-menettely"],"articleSection":["Ty\u00f6oikeus","Yritt\u00e4j\u00e4t","Yritysjuridiikka","Yritysoikeus"],"inLanguage":"en-GB"},{"@type":"WebPage","@id":"https:\/\/amoslaki.fi\/tyontekijan-irtisanominen-tuotannollisin-ja-taloudellisin-perustein\/","url":"https:\/\/amoslaki.fi\/tyontekijan-irtisanominen-tuotannollisin-ja-taloudellisin-perustein\/","name":"Dismissal of an employee on production and economic grounds - Amos Law Office","isPartOf":{"@id":"https:\/\/amoslaki.fi\/#website"},"primaryImageOfPage":{"@id":"https:\/\/amoslaki.fi\/tyontekijan-irtisanominen-tuotannollisin-ja-taloudellisin-perustein\/#primaryimage"},"image":{"@id":"https:\/\/amoslaki.fi\/tyontekijan-irtisanominen-tuotannollisin-ja-taloudellisin-perustein\/#primaryimage"},"thumbnailUrl":"https:\/\/amoslaki.fi\/wp-content\/uploads\/2024\/02\/V8A1660_3-scaled.jpg","datePublished":"2024-11-01T12:00:56+00:00","dateModified":"2026-03-27T07:15:48+00:00","description":"In matters relating to termination of employment, it is advisable for companies to consult a lawyer at an early stage, as it is usually very expensive to make a mistake in these matters.","breadcrumb":{"@id":"https:\/\/amoslaki.fi\/tyontekijan-irtisanominen-tuotannollisin-ja-taloudellisin-perustein\/#breadcrumb"},"inLanguage":"en-GB","potentialAction":[{"@type":"ReadAction","target":["https:\/\/amoslaki.fi\/tyontekijan-irtisanominen-tuotannollisin-ja-taloudellisin-perustein\/"]}]},{"@type":"ImageObject","inLanguage":"en-GB","@id":"https:\/\/amoslaki.fi\/tyontekijan-irtisanominen-tuotannollisin-ja-taloudellisin-perustein\/#primaryimage","url":"https:\/\/amoslaki.fi\/wp-content\/uploads\/2024\/02\/V8A1660_3-scaled.jpg","contentUrl":"https:\/\/amoslaki.fi\/wp-content\/uploads\/2024\/02\/V8A1660_3-scaled.jpg","width":2560,"height":1627,"caption":"ty\u00f6oikeuden asiantuntija"},{"@type":"BreadcrumbList","@id":"https:\/\/amoslaki.fi\/tyontekijan-irtisanominen-tuotannollisin-ja-taloudellisin-perustein\/#breadcrumb","itemListElement":[{"@type":"ListItem","position":1,"name":"Home","item":"https:\/\/amoslaki.fi\/"},{"@type":"ListItem","position":2,"name":"Ty\u00f6ntekij\u00e4n irtisanominen tuotannollisin ja taloudellisin perustein"}]},{"@type":"WebSite","@id":"https:\/\/amoslaki.fi\/#website","url":"https:\/\/amoslaki.fi\/","name":"Amos Law Office","description":"Caring legal service","publisher":{"@id":"https:\/\/amoslaki.fi\/#organization"},"potentialAction":[{"@type":"SearchAction","target":{"@type":"EntryPoint","urlTemplate":"https:\/\/amoslaki.fi\/?s={search_term_string}"},"query-input":{"@type":"PropertyValueSpecification","valueRequired":true,"valueName":"search_term_string"}}],"inLanguage":"en-GB"},{"@type":"Organization","@id":"https:\/\/amoslaki.fi\/#organization","name":"Amos Law Firm","url":"https:\/\/amoslaki.fi\/","logo":{"@type":"ImageObject","inLanguage":"en-GB","@id":"https:\/\/amoslaki.fi\/#\/schema\/logo\/image\/","url":"https:\/\/amoslaki.fi\/wp-content\/uploads\/2019\/11\/amoslaki-logo-musta-uusi.png","contentUrl":"https:\/\/amoslaki.fi\/wp-content\/uploads\/2019\/11\/amoslaki-logo-musta-uusi.png","width":1223,"height":662,"caption":"Lakiasiaintoimisto Amos"},"image":{"@id":"https:\/\/amoslaki.fi\/#\/schema\/logo\/image\/"},"sameAs":["https:\/\/www.facebook.com\/lakiamos\/","https:\/\/www.instagram.com\/lakiamos\/","https:\/\/www.linkedin.com\/company\/lakiasiaintoimisto-amos-oy\/"]},{"@type":"Person","@id":"https:\/\/amoslaki.fi\/#\/schema\/person\/8e4dd0f46e5723414767fb6d533e646a","name":"amoslaki","image":{"@type":"ImageObject","inLanguage":"en-GB","@id":"https:\/\/secure.gravatar.com\/avatar\/c5de39689b84242e68eec10c9e36c253e61f32b0f8e7fa66886c254cfcfab36d?s=96&d=wp_user_avatar&r=g","url":"https:\/\/secure.gravatar.com\/avatar\/c5de39689b84242e68eec10c9e36c253e61f32b0f8e7fa66886c254cfcfab36d?s=96&d=wp_user_avatar&r=g","contentUrl":"https:\/\/secure.gravatar.com\/avatar\/c5de39689b84242e68eec10c9e36c253e61f32b0f8e7fa66886c254cfcfab36d?s=96&d=wp_user_avatar&r=g","caption":"amoslaki"}}]}},"_links":{"self":[{"href":"https:\/\/amoslaki.fi\/en\/wp-json\/wp\/v2\/posts\/12277","targetHints":{"allow":["GET"]}}],"collection":[{"href":"https:\/\/amoslaki.fi\/en\/wp-json\/wp\/v2\/posts"}],"about":[{"href":"https:\/\/amoslaki.fi\/en\/wp-json\/wp\/v2\/types\/post"}],"author":[{"embeddable":true,"href":"https:\/\/amoslaki.fi\/en\/wp-json\/wp\/v2\/users\/19"}],"replies":[{"embeddable":true,"href":"https:\/\/amoslaki.fi\/en\/wp-json\/wp\/v2\/comments?post=12277"}],"version-history":[{"count":10,"href":"https:\/\/amoslaki.fi\/en\/wp-json\/wp\/v2\/posts\/12277\/revisions"}],"predecessor-version":[{"id":238277,"href":"https:\/\/amoslaki.fi\/en\/wp-json\/wp\/v2\/posts\/12277\/revisions\/238277"}],"wp:featuredmedia":[{"embeddable":true,"href":"https:\/\/amoslaki.fi\/en\/wp-json\/wp\/v2\/media\/12172"}],"wp:attachment":[{"href":"https:\/\/amoslaki.fi\/en\/wp-json\/wp\/v2\/media?parent=12277"}],"wp:term":[{"taxonomy":"category","embeddable":true,"href":"https:\/\/amoslaki.fi\/en\/wp-json\/wp\/v2\/categories?post=12277"},{"taxonomy":"post_tag","embeddable":true,"href":"https:\/\/amoslaki.fi\/en\/wp-json\/wp\/v2\/tags?post=12277"}],"curies":[{"name":"wp","href":"https:\/\/api.w.org\/{rel}","templated":true}]}}