{"id":5831,"date":"2021-11-01T17:41:18","date_gmt":"2021-11-01T15:41:18","guid":{"rendered":"https:\/\/amoslaki.fi\/?p=5831"},"modified":"2026-03-27T10:17:22","modified_gmt":"2026-03-27T08:17:22","slug":"do-you-know-who-handles-your-affairs-when-you-are-no-longer-able-to-do-so-yourself","status":"publish","type":"post","link":"https:\/\/amoslaki.fi\/en\/tiedatko-kuka-hoitaa-asioitasi-kun-et-enaa-itse-siihen-kykene-2\/","title":{"rendered":"Do you know who will take care of your affairs when you can no longer do it yourself?"},"content":{"rendered":"<div id=\"ez-toc-container\" class=\"ez-toc-v2_0_82_2 counter-hierarchy ez-toc-counter ez-toc-white ez-toc-container-direction\">\n<div class=\"ez-toc-title-container\">\n<p class=\"ez-toc-title\" style=\"cursor:inherit\">Sis\u00e4llysluettelo<\/p>\n<span class=\"ez-toc-title-toggle\"><a href=\"#\" class=\"ez-toc-pull-right ez-toc-btn ez-toc-btn-xs ez-toc-btn-default ez-toc-toggle\" aria-label=\"Toggle Table of Content\"><span class=\"ez-toc-js-icon-con\"><span class=\"\"><span class=\"eztoc-hide\" style=\"display:none;\">Toggle<\/span><span class=\"ez-toc-icon-toggle-span\"><svg style=\"fill: #999;color:#999\" xmlns=\"http:\/\/www.w3.org\/2000\/svg\" class=\"list-377408\" width=\"20px\" height=\"20px\" viewBox=\"0 0 24 24\" fill=\"none\"><path d=\"M6 6H4v2h2V6zm14 0H8v2h12V6zM4 11h2v2H4v-2zm16 0H8v2h12v-2zM4 16h2v2H4v-2zm16 0H8v2h12v-2z\" fill=\"currentColor\"><\/path><\/svg><svg style=\"fill: #999;color:#999\" class=\"arrow-unsorted-368013\" xmlns=\"http:\/\/www.w3.org\/2000\/svg\" width=\"10px\" height=\"10px\" viewBox=\"0 0 24 24\" version=\"1.2\" baseProfile=\"tiny\"><path d=\"M18.2 9.3l-6.2-6.3-6.2 6.3c-.2.2-.3.4-.3.7s.1.5.3.7c.2.2.4.3.7.3h11c.3 0 .5-.1.7-.3.2-.2.3-.5.3-.7s-.1-.5-.3-.7zM5.8 14.7l6.2 6.3 6.2-6.3c.2-.2.3-.5.3-.7s-.1-.5-.3-.7c-.2-.2-.4-.3-.7-.3h-11c-.3 0-.5.1-.7.3-.2.2-.3.5-.3.7s.1.5.3.7z\"\/><\/svg><\/span><\/span><\/span><\/a><\/span><\/div>\n<nav><ul class='ez-toc-list ez-toc-list-level-1 ' ><li class='ez-toc-page-1 ez-toc-heading-level-2'><a class=\"ez-toc-link ez-toc-heading-1\" href=\"https:\/\/amoslaki.fi\/en\/tiedatko-kuka-hoitaa-asioitasi-kun-et-enaa-itse-siihen-kykene-2\/#Laadi_edunvalvontavaltuutus_koska_silloin_paatat_itse_miten_asiasi_hoituvat_ja_kuka_laheisistasi_asioitasi_hoitaa\" >Laadi edunvalvontavaltuutus, koska silloin p\u00e4\u00e4t\u00e4t itse, miten asiasi hoituvat ja kuka l\u00e4heisist\u00e4si asioitasi hoitaa.<\/a><\/li><li class='ez-toc-page-1 ez-toc-heading-level-2'><a class=\"ez-toc-link ez-toc-heading-2\" href=\"https:\/\/amoslaki.fi\/en\/tiedatko-kuka-hoitaa-asioitasi-kun-et-enaa-itse-siihen-kykene-2\/#MITA_ASIOITA_EDUNVALVONTAVALTUUTUKSEEN\" >MIT\u00c4 ASIOITA EDUNVALVONTAVALTUUTUKSEEN?<\/a><\/li><li class='ez-toc-page-1 ez-toc-heading-level-2'><a class=\"ez-toc-link ez-toc-heading-3\" href=\"https:\/\/amoslaki.fi\/en\/tiedatko-kuka-hoitaa-asioitasi-kun-et-enaa-itse-siihen-kykene-2\/#EDUNVALVONTAVALTAKIRJAN_MUOTOSEIKAT\" >EDUNVALVONTAVALTAKIRJAN MUOTOSEIKAT<\/a><\/li><li class='ez-toc-page-1 ez-toc-heading-level-2'><a class=\"ez-toc-link ez-toc-heading-4\" href=\"https:\/\/amoslaki.fi\/en\/tiedatko-kuka-hoitaa-asioitasi-kun-et-enaa-itse-siihen-kykene-2\/#KAKSI_ESTEETONTA_TODISTAJAA\" >KAKSI ESTEET\u00d6NT\u00c4 TODISTAJAA<\/a><\/li><li class='ez-toc-page-1 ez-toc-heading-level-2'><a class=\"ez-toc-link ez-toc-heading-5\" href=\"https:\/\/amoslaki.fi\/en\/tiedatko-kuka-hoitaa-asioitasi-kun-et-enaa-itse-siihen-kykene-2\/#PYYDA_VALTUUTETULTA_SUOSTUMUS_JA_KYSY_MYOS_TOISSIJAINEN_VALTUUTETTU\" >PYYD\u00c4 VALTUUTETULTA SUOSTUMUS JA KYSY MY\u00d6S TOISSIJAINEN VALTUUTETTU\u00a0<\/a><\/li><li class='ez-toc-page-1 ez-toc-heading-level-2'><a class=\"ez-toc-link ez-toc-heading-6\" href=\"https:\/\/amoslaki.fi\/en\/tiedatko-kuka-hoitaa-asioitasi-kun-et-enaa-itse-siihen-kykene-2\/#EDUNVALVONTAVALTUUTUS_PITAA_VAHVISTAA_TULLAKSEEN_VOIMAAN\" >EDUNVALVONTAVALTUUTUS PIT\u00c4\u00c4 VAHVISTAA TULLAKSEEN VOIMAAN<\/a><\/li><li class='ez-toc-page-1 ez-toc-heading-level-2'><a class=\"ez-toc-link ez-toc-heading-7\" href=\"https:\/\/amoslaki.fi\/en\/tiedatko-kuka-hoitaa-asioitasi-kun-et-enaa-itse-siihen-kykene-2\/#PERU_EDUNVALVONTAVALTUUTUS_REPIMALLA_TAI_UUDELLA_VALTAKIRJALLA\" >PERU EDUNVALVONTAVALTUUTUS REPIM\u00c4LL\u00c4 TAI UUDELLA VALTAKIRJALLA<\/a><\/li><\/ul><\/nav><\/div>\n<h2><span class=\"ez-toc-section\" id=\"Laadi_edunvalvontavaltuutus_koska_silloin_paatat_itse_miten_asiasi_hoituvat_ja_kuka_laheisistasi_asioitasi_hoitaa\"><\/span><span style=\"color: #333333;\"><strong><span style=\"font-size: 12pt;\">Laadi edunvalvontavaltuutus, koska silloin p\u00e4\u00e4t\u00e4t itse, miten asiasi hoituvat ja kuka l\u00e4heisist\u00e4si asioitasi hoitaa.<\/span><\/strong><\/span><span class=\"ez-toc-section-end\"><\/span><\/h2>\n<p>Jos sinulla ei ole edunvalvontavaltakirjaa, niin hankalimmassa ja pahimmassa tapauksessa etujasi tulee mahdollisesti valvomaan julkinen edunvalvoja, joka on sinulle aivan tuntematon ja kasvoton viranomainen.<\/p>\n<p><a href=\"https:\/\/amoslaki.fi\/hyva-edunvalvontavaltakirja\/\"><span style=\"color: #0000ff;\">Edunvalvontavaltuutus<\/span><\/a> on valtakirja edunvalvojallesi, joka on luotettusi. T\u00e4ll\u00e4 asiakirjalla sin\u00e4 suunnittelet ja p\u00e4\u00e4t\u00e4t itse, miten asioitasi hoidetaan ja kuka hoitaa sitten, kun et en\u00e4\u00e4 itse siihen kykene esimerkiksi heikentyneen terveyden vuoksi. Voit vaikuttaa vaikkapa siihen, kuka maksaa laskujasi, huolehtii raha-asioistasi tai ottaa kantaa terveydenhoitoosi.<\/p>\n<p>Edunvalvojana yleens\u00e4 toimii joku l\u00e4hisukulainen, esimerkiksi oma t\u00e4ysi-ik\u00e4inen lapsi tai puoliso.<\/p>\n<p>Voit laatia edunvalvontavaltuutuksen niin, ett\u00e4 valtuutettu k\u00e4yt\u00e4nn\u00f6ss\u00e4 huolehtii taloudellisia asioitasi yleisesti, tai se voidaan rajata koskemaan vain tiettyj\u00e4 asioita, kuten laskujen maksuja.<\/p>\n<h2><span class=\"ez-toc-section\" id=\"MITA_ASIOITA_EDUNVALVONTAVALTUUTUKSEEN\"><\/span><span style=\"font-size: 12pt;\"><strong>MIT\u00c4 ASIOITA EDUNVALVONTAVALTUUTUKSEEN?<\/strong><\/span><span class=\"ez-toc-section-end\"><\/span><\/h2>\n<p>Valtuutuksella voit m\u00e4\u00e4r\u00e4t\u00e4 my\u00f6s sellaisista asioista, joiden tekemiseen edunvalvojalla ei ilman valtuutusta ole lainkaan oikeutta. Voit esimerkiksi antaa valtuutetulle oikeuden tehd\u00e4 puolestasi tietyn suuruisia lahjoituksia vaikkapa lapsenlapsille heid\u00e4n syntym\u00e4p\u00e4ivin\u00e4\u00e4n tai voit antaa valtuutetulle oikeuden edustaa valtuuttajaa kiinteist\u00f6kaupassa, joka muutoin vaatisi Digi- ja v\u00e4est\u00f6tietoviraston (DVV) luvan.<\/p>\n<p>Edunvalvontavaltakirjassa voit my\u00f6s antaa m\u00e4\u00e4r\u00e4yksi\u00e4 siit\u00e4, miten valtuutetun palkkio m\u00e4\u00e4r\u00e4ytyy ja tuleeko valtuutetun antaa tili raha-asioidesi hoitamisesta Digi- ja v\u00e4est\u00f6tietovirastolle. Tilinpitovelvollisuutta ei kuitenkaan voida valtakirjallakaan poistaa. Lis\u00e4ksi Digi- ja v\u00e4est\u00f6tietovirastolla on aina oikeus pyyt\u00e4\u00e4 tili\u00e4 ja tositteita n\u00e4ht\u00e4v\u00e4ksi, jos se katsoo sen aiheelliseksi. T\u00e4m\u00e4n asian on sinun oikeusturvasi kannalta miettinyt lains\u00e4\u00e4t\u00e4j\u00e4.<\/p>\n<h2><span class=\"ez-toc-section\" id=\"EDUNVALVONTAVALTAKIRJAN_MUOTOSEIKAT\"><\/span><span style=\"font-size: 12pt;\"><strong>EDUNVALVONTAVALTAKIRJAN MUOTOSEIKAT<\/strong><\/span><span class=\"ez-toc-section-end\"><\/span><\/h2>\n<p>Edunvalvontavaltakirja kannattaa yleens\u00e4 antaa asiantuntijan laadittavaksi erityisesti silloin, jos haluat siihen joitain erityisi\u00e4 ehtoja ja haluat varmistaa, ett\u00e4 valtakirjan muotoseikat ovat oikein, jotta valtakirjasta tulee p\u00e4tev\u00e4.<\/p>\n<p>Mallipohjia l\u00f6ytyy toki netist\u00e4kin. Mallipohjat sis\u00e4lt\u00e4v\u00e4t yleens\u00e4 perusm\u00e4\u00e4r\u00e4ykset ja valtakirjan v\u00e4ltt\u00e4m\u00e4tt\u00f6m\u00e4t tiedot. Sis\u00e4lt\u00f6\u00e4 voit itse muokata mieleiseksesi. Voit vaikkapa kirjoittaa valtakirjaan, ett\u00e4 haluat hieronnan joka toinen viikko. Eli edunvalvontavaltakirja voi olla hyvinkin r\u00e4\u00e4t\u00e4l\u00f6ity juuri sinun toiveisiisi sopivaksi.<\/p>\n<p>Huomioi kuitenkin, ett\u00e4 edunvalvontavaltuutuksesta ilmenee v\u00e4hint\u00e4\u00e4n:<\/p>\n<ul>\n<li>valtuuttamistarkoitus,<\/li>\n<li>asiat, joissa valtuutettu on oikeutettu edustamaan valtuuttajaa,<\/li>\n<li>valtuuttaja sek\u00e4 valtuutettu ja<\/li>\n<li>lis\u00e4ksi valtakirjassa tulee olla m\u00e4\u00e4r\u00e4ys, jonka mukaan valtuutus tulee voimaan siin\u00e4 tapauksessa, ett\u00e4 valtuuttaja tulee sairauden, henkisen toiminnan h\u00e4iriintymisen, heikentyneen terveydentilan tai muun vastaavan syyn vuoksi kykenem\u00e4tt\u00f6m\u00e4ksi huolehtimaan asioistaan.<\/li>\n<\/ul>\n<h2><span class=\"ez-toc-section\" id=\"KAKSI_ESTEETONTA_TODISTAJAA\"><\/span><span style=\"font-size: 12pt;\"><strong>KAKSI ESTEET\u00d6NT\u00c4 TODISTAJAA<\/strong><\/span><span class=\"ez-toc-section-end\"><\/span><\/h2>\n<p>Valtakirja tulee olla kahden esteett\u00f6m\u00e4n todistajan allekirjoittama. Todistajien pit\u00e4\u00e4 olla yht\u00e4 aikaa l\u00e4sn\u00e4, kun allekirjoitat valtakirjan. Todistajat todistavat allekirjoituksellaan, ett\u00e4 valtuuttaja on ymm\u00e4rt\u00e4nyt edunvalvontavaltuutuksen merkityksen.<\/p>\n<p>Todistajaksi ei kannata pyyt\u00e4\u00e4 valtuuttajan puoliso eik\u00e4 valtuuttajan tai t\u00e4m\u00e4n puolison lapsi, lapsenlapsi, sisar, vanhempi, isovanhempi tai t\u00e4llaisen henkil\u00f6n puoliso. He eiv\u00e4t ole esteett\u00f6mi\u00e4 todistajia.<\/p>\n<h2><span class=\"ez-toc-section\" id=\"PYYDA_VALTUUTETULTA_SUOSTUMUS_JA_KYSY_MYOS_TOISSIJAINEN_VALTUUTETTU\"><\/span><span style=\"font-size: 12pt;\"><strong>PYYD\u00c4 VALTUUTETULTA SUOSTUMUS JA KYSY MY\u00d6S TOISSIJAINEN VALTUUTETTU\u00a0<\/strong><\/span><span class=\"ez-toc-section-end\"><\/span><\/h2>\n<p>Parasta olisi selvitt\u00e4\u00e4 etuk\u00e4teen, ett\u00e4 valtuutettu suostuu teht\u00e4v\u00e4\u00e4n. Jos k\u00e4y niin, ett\u00e4 valtuutettu ei suostu teht\u00e4v\u00e4\u00e4n, koko edunvalvontavaltuutus menett\u00e4\u00e4 merkityksens\u00e4.<\/p>\n<p>Silt\u00e4 varalta, ett\u00e4 valtuutettu ei ota teht\u00e4v\u00e4\u00e4 aikanaan vastaan tai jos h\u00e4n ei muutoin kykene hoitamaan valtuutetun teht\u00e4v\u00e4\u00e4, kannattaa m\u00e4\u00e4r\u00e4t\u00e4 valtakirjassa my\u00f6s toissijaisesta valtuutetusta. Varavaltuutettu toimii t\u00e4llaisissa tilanteissa valtuuttajan edustajana, kun varsinainen valtuutettu on tilap\u00e4isesti esteellinen tai esimerkiksi sairastunut. Valtuutetun esteellisyystilanteita silm\u00e4ll\u00e4 pit\u00e4en on hyv\u00e4 nimet\u00e4 valtakirjassa varavaltuutetuksi my\u00f6s joku perheen ulkopuolinen (ei sukulainen) henkil\u00f6.<\/p>\n<p>Yleens\u00e4 edunvalvontavaltuutus annetaan s\u00e4ilytett\u00e4v\u00e4ksi valtuutetulle tai kerrotaan mist\u00e4 asiakirja l\u00f6ytyy.<\/p>\n<h2><span class=\"ez-toc-section\" id=\"EDUNVALVONTAVALTUUTUS_PITAA_VAHVISTAA_TULLAKSEEN_VOIMAAN\"><\/span><span style=\"font-size: 12pt;\"><strong>EDUNVALVONTAVALTUUTUS PIT\u00c4\u00c4 VAHVISTAA TULLAKSEEN VOIMAAN<\/strong><\/span><span class=\"ez-toc-section-end\"><\/span><\/h2>\n<p>Valtakirja ei kuitenkaan ole viel\u00e4 voimassa sen laatimisen j\u00e4lkeen, vaan valtakirja saatetaan voimaan vahvistuttamalla se Digi- ja v\u00e4est\u00f6tietovirastossa. Vahvistamista hakee valtuutettu.<\/p>\n<p>Vahvistaminen tehd\u00e4\u00e4n siin\u00e4 vaiheessa, kun katsotaan, ett\u00e4 et en\u00e4\u00e4 kykene hoitamaan asioitasi. Pelkk\u00e4 valtuutetun pyynt\u00f6 valtakirjan vahvistamisesta ei kuitenkaan riit\u00e4, vaan Digi- ja v\u00e4est\u00f6tietovirastoon l\u00e4hett\u00e4v\u00e4\u00e4n vahvistamista koskevaan hakemukseen liitet\u00e4\u00e4n mukaan l\u00e4\u00e4k\u00e4rintodistus, jossa todetaan, ett\u00e4 toimintakykysi on heikentynyt.<\/p>\n<h2><span class=\"ez-toc-section\" id=\"PERU_EDUNVALVONTAVALTUUTUS_REPIMALLA_TAI_UUDELLA_VALTAKIRJALLA\"><\/span><span style=\"font-size: 12pt;\"><strong>PERU EDUNVALVONTAVALTUUTUS REPIM\u00c4LL\u00c4 TAI UUDELLA VALTAKIRJALLA<\/strong><\/span><span class=\"ez-toc-section-end\"><\/span><\/h2>\n<p>Voit aina perua edunvalvontavaltakirjan ennen sen vahvistamista. Peruutus tehd\u00e4\u00e4n joko tekem\u00e4ll\u00e4 uusi valtakirja, johon otetaan maininta vanhan valtakirjan kumoamisesta tai pyyt\u00e4m\u00e4ll\u00e4 valtakirja takaisin valtuutetulta ja tekem\u00e4ll\u00e4 siihen peruutusta koskevat merkinn\u00e4t.<\/p>\n<p>Ja jos haluat peruttaa koko valtakirjan, voit aina repi\u00e4 edunvalvontavaltuutuksen. Ilmoita peruutuksesta my\u00f6s valtuutetuille.<\/p>\n<p>Artikkelin laati Asianajaja <span style=\"color: #0000ff;\"><a style=\"color: #0000ff;\" href=\"https:\/\/amoslaki.fi\/yhteystiedot\">Tuula Rainto<\/a><\/span>, Asianajotoimisto Amos. H\u00e4nelle saa aina soittaa maksuttoman puhelun, p.010 299 5090. Voit tutustua hinnastoomme <span style=\"color: #0000ff;\"><a style=\"color: #0000ff;\" href=\"https:\/\/amoslaki.fi\/hinnasto\">t\u00e4st\u00e4.<\/a><\/span><\/p>\n<p><span style=\"text-decoration: underline;\"><a href=\"https:\/\/amoslaki.fi\/tilanneanalyysi\">Tee ilmainen tilannekartoitus<\/a><\/span> \u2192<\/p>\n<p><a href=\"https:\/\/amoslaki.fi\/wp-content\/uploads\/2020\/10\/amos-yrityksille-20203.jpg\"><img loading=\"lazy\" decoding=\"async\" class=\"size-medium wp-image-8293\" src=\"https:\/\/amoslaki.fi\/wp-content\/uploads\/2020\/10\/amos-yrityksille-20203-300x178.jpg\" alt=\"Tuula Rainto\" width=\"300\" height=\"178\" \/><\/a><\/p>\n<p>Artikkelia p\u00e4ivitetty 02.11.2021.<\/p>\n<p>Aiheeseen liittyv\u00e4t kirjoitukset:<br \/>\n<span style=\"color: #0000ff;\"><a style=\"color: #0000ff;\" href=\"https:\/\/amoslaki.fi\/hoitotahto\/\">Mik\u00e4 on hoitotahto?<br \/>\n<\/a><a style=\"color: #0000ff;\" href=\"https:\/\/amoslaki.fi\/edunvalvontavaltakirja\/\">Edunvalvontavaltakirja<\/a><\/span><\/p>\n<p>&nbsp;<\/p>\n<p>[avatar user=&#8221;amoslaki&#8221; size=&#8221;352&#8243; align=&#8221;left&#8221; link=&#8221;https:\/\/amoslaki.fi\/ajanvarauskalenteri\/&#8221; target=&#8221;_blank&#8221; ]Asianajaja Tuula Rainto, Asianajotoimisto Amos. H\u00e4nelle saa aina soittaa maksuttoman puhelun, p.010 299 5090[\/avatar]<\/p>\n","protected":false},"excerpt":{"rendered":"<p>Laadi edunvalvontavaltuutus, koska silloin p\u00e4\u00e4t\u00e4t itse, miten asiasi hoituvat ja kuka l\u00e4heisist\u00e4si asioitasi hoitaa. Jos sinulla ei ole edunvalvontavaltakirjaa, niin hankalimmassa ja pahimmassa tapauksessa etujasi tulee mahdollisesti valvomaan julkinen edunvalvoja, joka on sinulle aivan tuntematon ja kasvoton viranomainen. Edunvalvontavaltuutus on valtakirja edunvalvojallesi, joka on luotettusi. T\u00e4ll\u00e4 asiakirjalla sin\u00e4 suunnittelet ja p\u00e4\u00e4t\u00e4t itse, miten asioitasi hoidetaan [&hellip;]<\/p>\n","protected":false},"author":13,"featured_media":5559,"comment_status":"closed","ping_status":"closed","sticky":false,"template":"","format":"standard","meta":{"_acf_changed":false,"footnotes":""},"categories":[8,619],"tags":[76,83],"class_list":["post-5831","post","type-post","status-publish","format-standard","has-post-thumbnail","hentry","category-edunvalvonta","category-yksityisasiakkaat","tag-edunvalvonta","tag-edunvalvontavaltakirja"],"acf":[],"yoast_head":"<!-- This site is optimized with the Yoast SEO plugin v27.4 - https:\/\/yoast.com\/product\/yoast-seo-wordpress\/ -->\n<title>Tied\u00e4tk\u00f6 kuka hoitaa asioitasi, kun et en\u00e4\u00e4 itse siihen kykene? &#8211; Asianajotoimisto Amos<\/title>\n<meta name=\"description\" content=\"Jos sinulla ei ole edunvalvontavaltakirjaa, niin hankalimmassa ja pahimmassa tapauksessa etujasi tulee mahdollisesti valvomaan julkinen edunvalvoja.\" \/>\n<meta name=\"robots\" content=\"index, follow, max-snippet:-1, max-image-preview:large, max-video-preview:-1\" \/>\n<link rel=\"canonical\" href=\"https:\/\/amoslaki.fi\/en\/do-you-know-who-handles-your-affairs-when-you-are-no-longer-able-to-do-so-yourself\/\" \/>\n<meta property=\"og:locale\" content=\"en_GB\" \/>\n<meta property=\"og:type\" content=\"article\" \/>\n<meta property=\"og:title\" content=\"Tied\u00e4tk\u00f6 kuka hoitaa asioitasi, kun et en\u00e4\u00e4 itse siihen kykene? &#8211; Asianajotoimisto Amos\" \/>\n<meta property=\"og:description\" content=\"Jos sinulla ei ole edunvalvontavaltakirjaa, niin hankalimmassa ja pahimmassa tapauksessa etujasi tulee mahdollisesti valvomaan julkinen edunvalvoja.\" \/>\n<meta property=\"og:url\" content=\"https:\/\/amoslaki.fi\/en\/do-you-know-who-handles-your-affairs-when-you-are-no-longer-able-to-do-so-yourself\/\" \/>\n<meta property=\"og:site_name\" content=\"Asianajotoimisto Amos\" \/>\n<meta property=\"article:publisher\" content=\"https:\/\/www.facebook.com\/lakiamos\/\" \/>\n<meta property=\"article:published_time\" content=\"2021-11-01T15:41:18+00:00\" \/>\n<meta property=\"article:modified_time\" content=\"2026-03-27T08:17:22+00:00\" \/>\n<meta property=\"og:image\" content=\"https:\/\/amoslaki.fi\/wp-content\/uploads\/2019\/10\/blogiteksti-lokakuu-2019.jpg\" \/>\n\t<meta property=\"og:image:width\" content=\"1920\" \/>\n\t<meta property=\"og:image:height\" content=\"686\" \/>\n\t<meta property=\"og:image:type\" content=\"image\/jpeg\" \/>\n<meta name=\"author\" content=\"tuki@itgroup.fi\" \/>\n<meta name=\"twitter:card\" content=\"summary_large_image\" \/>\n<meta name=\"twitter:label1\" content=\"Written by\" \/>\n\t<meta name=\"twitter:data1\" content=\"tuki@itgroup.fi\" \/>\n\t<meta name=\"twitter:label2\" content=\"Estimated reading time\" \/>\n\t<meta name=\"twitter:data2\" content=\"4 minutes\" \/>\n<script type=\"application\/ld+json\" class=\"yoast-schema-graph\">{\"@context\":\"https:\\\/\\\/schema.org\",\"@graph\":[{\"@type\":\"Article\",\"@id\":\"https:\\\/\\\/amoslaki.fi\\\/tiedatko-kuka-hoitaa-asioitasi-kun-et-enaa-itse-siihen-kykene-2\\\/#article\",\"isPartOf\":{\"@id\":\"https:\\\/\\\/amoslaki.fi\\\/tiedatko-kuka-hoitaa-asioitasi-kun-et-enaa-itse-siihen-kykene-2\\\/\"},\"author\":{\"name\":\"tuki@itgroup.fi\",\"@id\":\"https:\\\/\\\/amoslaki.fi\\\/#\\\/schema\\\/person\\\/7243104c5b2e98753088464caafc4fbe\"},\"headline\":\"Tied\u00e4tk\u00f6 kuka hoitaa asioitasi, kun et en\u00e4\u00e4 itse siihen kykene?\",\"datePublished\":\"2021-11-01T15:41:18+00:00\",\"dateModified\":\"2026-03-27T08:17:22+00:00\",\"mainEntityOfPage\":{\"@id\":\"https:\\\/\\\/amoslaki.fi\\\/tiedatko-kuka-hoitaa-asioitasi-kun-et-enaa-itse-siihen-kykene-2\\\/\"},\"wordCount\":778,\"publisher\":{\"@id\":\"https:\\\/\\\/amoslaki.fi\\\/#organization\"},\"image\":{\"@id\":\"https:\\\/\\\/amoslaki.fi\\\/tiedatko-kuka-hoitaa-asioitasi-kun-et-enaa-itse-siihen-kykene-2\\\/#primaryimage\"},\"thumbnailUrl\":\"https:\\\/\\\/amoslaki.fi\\\/wp-content\\\/uploads\\\/2019\\\/10\\\/blogiteksti-lokakuu-2019.jpg\",\"keywords\":[\"edunvalvonta\",\"Edunvalvontavaltakirja\"],\"articleSection\":[\"Edunvalvontaoikeus\",\"Yksityisasiakkaat\"],\"inLanguage\":\"en-GB\"},{\"@type\":\"WebPage\",\"@id\":\"https:\\\/\\\/amoslaki.fi\\\/tiedatko-kuka-hoitaa-asioitasi-kun-et-enaa-itse-siihen-kykene-2\\\/\",\"url\":\"https:\\\/\\\/amoslaki.fi\\\/tiedatko-kuka-hoitaa-asioitasi-kun-et-enaa-itse-siihen-kykene-2\\\/\",\"name\":\"Tied\u00e4tk\u00f6 kuka hoitaa asioitasi, kun et en\u00e4\u00e4 itse siihen kykene? &#8211; Asianajotoimisto Amos\",\"isPartOf\":{\"@id\":\"https:\\\/\\\/amoslaki.fi\\\/#website\"},\"primaryImageOfPage\":{\"@id\":\"https:\\\/\\\/amoslaki.fi\\\/tiedatko-kuka-hoitaa-asioitasi-kun-et-enaa-itse-siihen-kykene-2\\\/#primaryimage\"},\"image\":{\"@id\":\"https:\\\/\\\/amoslaki.fi\\\/tiedatko-kuka-hoitaa-asioitasi-kun-et-enaa-itse-siihen-kykene-2\\\/#primaryimage\"},\"thumbnailUrl\":\"https:\\\/\\\/amoslaki.fi\\\/wp-content\\\/uploads\\\/2019\\\/10\\\/blogiteksti-lokakuu-2019.jpg\",\"datePublished\":\"2021-11-01T15:41:18+00:00\",\"dateModified\":\"2026-03-27T08:17:22+00:00\",\"description\":\"Jos sinulla ei ole edunvalvontavaltakirjaa, niin hankalimmassa ja pahimmassa tapauksessa etujasi tulee mahdollisesti valvomaan julkinen edunvalvoja.\",\"breadcrumb\":{\"@id\":\"https:\\\/\\\/amoslaki.fi\\\/tiedatko-kuka-hoitaa-asioitasi-kun-et-enaa-itse-siihen-kykene-2\\\/#breadcrumb\"},\"inLanguage\":\"en-GB\",\"potentialAction\":[{\"@type\":\"ReadAction\",\"target\":[\"https:\\\/\\\/amoslaki.fi\\\/tiedatko-kuka-hoitaa-asioitasi-kun-et-enaa-itse-siihen-kykene-2\\\/\"]}]},{\"@type\":\"ImageObject\",\"inLanguage\":\"en-GB\",\"@id\":\"https:\\\/\\\/amoslaki.fi\\\/tiedatko-kuka-hoitaa-asioitasi-kun-et-enaa-itse-siihen-kykene-2\\\/#primaryimage\",\"url\":\"https:\\\/\\\/amoslaki.fi\\\/wp-content\\\/uploads\\\/2019\\\/10\\\/blogiteksti-lokakuu-2019.jpg\",\"contentUrl\":\"https:\\\/\\\/amoslaki.fi\\\/wp-content\\\/uploads\\\/2019\\\/10\\\/blogiteksti-lokakuu-2019.jpg\",\"width\":1920,\"height\":686,\"caption\":\"Lakimies Tuula Rainto asiakkaiden kanssa\"},{\"@type\":\"BreadcrumbList\",\"@id\":\"https:\\\/\\\/amoslaki.fi\\\/tiedatko-kuka-hoitaa-asioitasi-kun-et-enaa-itse-siihen-kykene-2\\\/#breadcrumb\",\"itemListElement\":[{\"@type\":\"ListItem\",\"position\":1,\"name\":\"Home\",\"item\":\"https:\\\/\\\/amoslaki.fi\\\/\"},{\"@type\":\"ListItem\",\"position\":2,\"name\":\"Tied\u00e4tk\u00f6 kuka hoitaa asioitasi, kun et en\u00e4\u00e4 itse siihen kykene?\"}]},{\"@type\":\"WebSite\",\"@id\":\"https:\\\/\\\/amoslaki.fi\\\/#website\",\"url\":\"https:\\\/\\\/amoslaki.fi\\\/\",\"name\":\"Asianajotoimisto Amos\",\"description\":\"Huolehtivaa lakipalvelua\",\"publisher\":{\"@id\":\"https:\\\/\\\/amoslaki.fi\\\/#organization\"},\"potentialAction\":[{\"@type\":\"SearchAction\",\"target\":{\"@type\":\"EntryPoint\",\"urlTemplate\":\"https:\\\/\\\/amoslaki.fi\\\/?s={search_term_string}\"},\"query-input\":{\"@type\":\"PropertyValueSpecification\",\"valueRequired\":true,\"valueName\":\"search_term_string\"}}],\"inLanguage\":\"en-GB\"},{\"@type\":\"Organization\",\"@id\":\"https:\\\/\\\/amoslaki.fi\\\/#organization\",\"name\":\"Lakiasiaintoimisto Amos\",\"url\":\"https:\\\/\\\/amoslaki.fi\\\/\",\"logo\":{\"@type\":\"ImageObject\",\"inLanguage\":\"en-GB\",\"@id\":\"https:\\\/\\\/amoslaki.fi\\\/#\\\/schema\\\/logo\\\/image\\\/\",\"url\":\"https:\\\/\\\/amoslaki.fi\\\/wp-content\\\/uploads\\\/2019\\\/11\\\/amoslaki-logo-musta-uusi.png\",\"contentUrl\":\"https:\\\/\\\/amoslaki.fi\\\/wp-content\\\/uploads\\\/2019\\\/11\\\/amoslaki-logo-musta-uusi.png\",\"width\":1223,\"height\":662,\"caption\":\"Lakiasiaintoimisto Amos\"},\"image\":{\"@id\":\"https:\\\/\\\/amoslaki.fi\\\/#\\\/schema\\\/logo\\\/image\\\/\"},\"sameAs\":[\"https:\\\/\\\/www.facebook.com\\\/lakiamos\\\/\",\"https:\\\/\\\/www.instagram.com\\\/lakiamos\\\/\",\"https:\\\/\\\/www.linkedin.com\\\/company\\\/lakiasiaintoimisto-amos-oy\\\/\"]},{\"@type\":\"Person\",\"@id\":\"https:\\\/\\\/amoslaki.fi\\\/#\\\/schema\\\/person\\\/7243104c5b2e98753088464caafc4fbe\",\"name\":\"tuki@itgroup.fi\",\"image\":{\"@type\":\"ImageObject\",\"inLanguage\":\"en-GB\",\"@id\":\"https:\\\/\\\/secure.gravatar.com\\\/avatar\\\/519e3a039f4c3df02d860a38a7a2b6d4bf96b64ef4f954e0ae529d995df11707?s=96&d=wp_user_avatar&r=g\",\"url\":\"https:\\\/\\\/secure.gravatar.com\\\/avatar\\\/519e3a039f4c3df02d860a38a7a2b6d4bf96b64ef4f954e0ae529d995df11707?s=96&d=wp_user_avatar&r=g\",\"contentUrl\":\"https:\\\/\\\/secure.gravatar.com\\\/avatar\\\/519e3a039f4c3df02d860a38a7a2b6d4bf96b64ef4f954e0ae529d995df11707?s=96&d=wp_user_avatar&r=g\",\"caption\":\"tuki@itgroup.fi\"}}]}<\/script>\n<!-- \/ Yoast SEO plugin. -->","yoast_head_json":{"title":"Do you know who will handle your affairs when you are no longer able to do so yourself? \u2013 Amos Law Firm","description":"If you do not have a power of attorney for care, in the most difficult and worst-case scenario, your interests may be represented by a public guardian.","robots":{"index":"index","follow":"follow","max-snippet":"max-snippet:-1","max-image-preview":"max-image-preview:large","max-video-preview":"max-video-preview:-1"},"canonical":"https:\/\/amoslaki.fi\/en\/do-you-know-who-handles-your-affairs-when-you-are-no-longer-able-to-do-so-yourself\/","og_locale":"en_GB","og_type":"article","og_title":"Tied\u00e4tk\u00f6 kuka hoitaa asioitasi, kun et en\u00e4\u00e4 itse siihen kykene? &#8211; Asianajotoimisto Amos","og_description":"Jos sinulla ei ole edunvalvontavaltakirjaa, niin hankalimmassa ja pahimmassa tapauksessa etujasi tulee mahdollisesti valvomaan julkinen edunvalvoja.","og_url":"https:\/\/amoslaki.fi\/en\/do-you-know-who-handles-your-affairs-when-you-are-no-longer-able-to-do-so-yourself\/","og_site_name":"Asianajotoimisto Amos","article_publisher":"https:\/\/www.facebook.com\/lakiamos\/","article_published_time":"2021-11-01T15:41:18+00:00","article_modified_time":"2026-03-27T08:17:22+00:00","og_image":[{"width":1920,"height":686,"url":"https:\/\/amoslaki.fi\/wp-content\/uploads\/2019\/10\/blogiteksti-lokakuu-2019.jpg","type":"image\/jpeg"}],"author":"tuki@itgroup.fi","twitter_card":"summary_large_image","twitter_misc":{"Written by":"tuki@itgroup.fi","Estimated reading time":"4 minutes"},"schema":{"@context":"https:\/\/schema.org","@graph":[{"@type":"Article","@id":"https:\/\/amoslaki.fi\/tiedatko-kuka-hoitaa-asioitasi-kun-et-enaa-itse-siihen-kykene-2\/#article","isPartOf":{"@id":"https:\/\/amoslaki.fi\/tiedatko-kuka-hoitaa-asioitasi-kun-et-enaa-itse-siihen-kykene-2\/"},"author":{"name":"tuki@itgroup.fi","@id":"https:\/\/amoslaki.fi\/#\/schema\/person\/7243104c5b2e98753088464caafc4fbe"},"headline":"Tied\u00e4tk\u00f6 kuka hoitaa asioitasi, kun et en\u00e4\u00e4 itse siihen kykene?","datePublished":"2021-11-01T15:41:18+00:00","dateModified":"2026-03-27T08:17:22+00:00","mainEntityOfPage":{"@id":"https:\/\/amoslaki.fi\/tiedatko-kuka-hoitaa-asioitasi-kun-et-enaa-itse-siihen-kykene-2\/"},"wordCount":778,"publisher":{"@id":"https:\/\/amoslaki.fi\/#organization"},"image":{"@id":"https:\/\/amoslaki.fi\/tiedatko-kuka-hoitaa-asioitasi-kun-et-enaa-itse-siihen-kykene-2\/#primaryimage"},"thumbnailUrl":"https:\/\/amoslaki.fi\/wp-content\/uploads\/2019\/10\/blogiteksti-lokakuu-2019.jpg","keywords":["edunvalvonta","Edunvalvontavaltakirja"],"articleSection":["Edunvalvontaoikeus","Yksityisasiakkaat"],"inLanguage":"en-GB"},{"@type":"WebPage","@id":"https:\/\/amoslaki.fi\/tiedatko-kuka-hoitaa-asioitasi-kun-et-enaa-itse-siihen-kykene-2\/","url":"https:\/\/amoslaki.fi\/tiedatko-kuka-hoitaa-asioitasi-kun-et-enaa-itse-siihen-kykene-2\/","name":"Do you know who will handle your affairs when you are no longer able to do so yourself? \u2013 Amos Law Firm","isPartOf":{"@id":"https:\/\/amoslaki.fi\/#website"},"primaryImageOfPage":{"@id":"https:\/\/amoslaki.fi\/tiedatko-kuka-hoitaa-asioitasi-kun-et-enaa-itse-siihen-kykene-2\/#primaryimage"},"image":{"@id":"https:\/\/amoslaki.fi\/tiedatko-kuka-hoitaa-asioitasi-kun-et-enaa-itse-siihen-kykene-2\/#primaryimage"},"thumbnailUrl":"https:\/\/amoslaki.fi\/wp-content\/uploads\/2019\/10\/blogiteksti-lokakuu-2019.jpg","datePublished":"2021-11-01T15:41:18+00:00","dateModified":"2026-03-27T08:17:22+00:00","description":"If you do not have a power of attorney for care, in the most difficult and worst-case scenario, your interests may be represented by a public guardian.","breadcrumb":{"@id":"https:\/\/amoslaki.fi\/tiedatko-kuka-hoitaa-asioitasi-kun-et-enaa-itse-siihen-kykene-2\/#breadcrumb"},"inLanguage":"en-GB","potentialAction":[{"@type":"ReadAction","target":["https:\/\/amoslaki.fi\/tiedatko-kuka-hoitaa-asioitasi-kun-et-enaa-itse-siihen-kykene-2\/"]}]},{"@type":"ImageObject","inLanguage":"en-GB","@id":"https:\/\/amoslaki.fi\/tiedatko-kuka-hoitaa-asioitasi-kun-et-enaa-itse-siihen-kykene-2\/#primaryimage","url":"https:\/\/amoslaki.fi\/wp-content\/uploads\/2019\/10\/blogiteksti-lokakuu-2019.jpg","contentUrl":"https:\/\/amoslaki.fi\/wp-content\/uploads\/2019\/10\/blogiteksti-lokakuu-2019.jpg","width":1920,"height":686,"caption":"Lakimies Tuula Rainto asiakkaiden kanssa"},{"@type":"BreadcrumbList","@id":"https:\/\/amoslaki.fi\/tiedatko-kuka-hoitaa-asioitasi-kun-et-enaa-itse-siihen-kykene-2\/#breadcrumb","itemListElement":[{"@type":"ListItem","position":1,"name":"Home","item":"https:\/\/amoslaki.fi\/"},{"@type":"ListItem","position":2,"name":"Tied\u00e4tk\u00f6 kuka hoitaa asioitasi, kun et en\u00e4\u00e4 itse siihen kykene?"}]},{"@type":"WebSite","@id":"https:\/\/amoslaki.fi\/#website","url":"https:\/\/amoslaki.fi\/","name":"Amos Law Office","description":"Caring legal service","publisher":{"@id":"https:\/\/amoslaki.fi\/#organization"},"potentialAction":[{"@type":"SearchAction","target":{"@type":"EntryPoint","urlTemplate":"https:\/\/amoslaki.fi\/?s={search_term_string}"},"query-input":{"@type":"PropertyValueSpecification","valueRequired":true,"valueName":"search_term_string"}}],"inLanguage":"en-GB"},{"@type":"Organization","@id":"https:\/\/amoslaki.fi\/#organization","name":"Amos Law Firm","url":"https:\/\/amoslaki.fi\/","logo":{"@type":"ImageObject","inLanguage":"en-GB","@id":"https:\/\/amoslaki.fi\/#\/schema\/logo\/image\/","url":"https:\/\/amoslaki.fi\/wp-content\/uploads\/2019\/11\/amoslaki-logo-musta-uusi.png","contentUrl":"https:\/\/amoslaki.fi\/wp-content\/uploads\/2019\/11\/amoslaki-logo-musta-uusi.png","width":1223,"height":662,"caption":"Lakiasiaintoimisto Amos"},"image":{"@id":"https:\/\/amoslaki.fi\/#\/schema\/logo\/image\/"},"sameAs":["https:\/\/www.facebook.com\/lakiamos\/","https:\/\/www.instagram.com\/lakiamos\/","https:\/\/www.linkedin.com\/company\/lakiasiaintoimisto-amos-oy\/"]},{"@type":"Person","@id":"https:\/\/amoslaki.fi\/#\/schema\/person\/7243104c5b2e98753088464caafc4fbe","name":"tuki@itgroup.fi","image":{"@type":"ImageObject","inLanguage":"en-GB","@id":"https:\/\/secure.gravatar.com\/avatar\/519e3a039f4c3df02d860a38a7a2b6d4bf96b64ef4f954e0ae529d995df11707?s=96&d=wp_user_avatar&r=g","url":"https:\/\/secure.gravatar.com\/avatar\/519e3a039f4c3df02d860a38a7a2b6d4bf96b64ef4f954e0ae529d995df11707?s=96&d=wp_user_avatar&r=g","contentUrl":"https:\/\/secure.gravatar.com\/avatar\/519e3a039f4c3df02d860a38a7a2b6d4bf96b64ef4f954e0ae529d995df11707?s=96&d=wp_user_avatar&r=g","caption":"tuki@itgroup.fi"}}]}},"_links":{"self":[{"href":"https:\/\/amoslaki.fi\/en\/wp-json\/wp\/v2\/posts\/5831","targetHints":{"allow":["GET"]}}],"collection":[{"href":"https:\/\/amoslaki.fi\/en\/wp-json\/wp\/v2\/posts"}],"about":[{"href":"https:\/\/amoslaki.fi\/en\/wp-json\/wp\/v2\/types\/post"}],"author":[{"embeddable":true,"href":"https:\/\/amoslaki.fi\/en\/wp-json\/wp\/v2\/users\/13"}],"replies":[{"embeddable":true,"href":"https:\/\/amoslaki.fi\/en\/wp-json\/wp\/v2\/comments?post=5831"}],"version-history":[{"count":3,"href":"https:\/\/amoslaki.fi\/en\/wp-json\/wp\/v2\/posts\/5831\/revisions"}],"predecessor-version":[{"id":238342,"href":"https:\/\/amoslaki.fi\/en\/wp-json\/wp\/v2\/posts\/5831\/revisions\/238342"}],"wp:featuredmedia":[{"embeddable":true,"href":"https:\/\/amoslaki.fi\/en\/wp-json\/wp\/v2\/media\/5559"}],"wp:attachment":[{"href":"https:\/\/amoslaki.fi\/en\/wp-json\/wp\/v2\/media?parent=5831"}],"wp:term":[{"taxonomy":"category","embeddable":true,"href":"https:\/\/amoslaki.fi\/en\/wp-json\/wp\/v2\/categories?post=5831"},{"taxonomy":"post_tag","embeddable":true,"href":"https:\/\/amoslaki.fi\/en\/wp-json\/wp\/v2\/tags?post=5831"}],"curies":[{"name":"wp","href":"https:\/\/api.w.org\/{rel}","templated":true}]}}